{"id":24672,"date":"2018-05-29T21:52:22","date_gmt":"2018-05-29T20:52:22","guid":{"rendered":"http:\/\/fegrama.cat\/web\/?p=24672"},"modified":"2018-09-18T09:22:39","modified_gmt":"2018-09-18T08:22:39","slug":"toni-diaz-nou-entrenador-del-primer-equip","status":"publish","type":"post","link":"http:\/\/fegrama.cat\/web\/toni-diaz-nou-entrenador-del-primer-equip\/","title":{"rendered":"Toni D\u00edaz nou entrenador del primer equip"},"content":{"rendered":"<p><a href=\"http:\/\/fegrama.cat\/web\/wp-content\/uploads\/2018\/05\/WhatsApp-Image-2018-05-29-at-22.15.47.jpeg\"><img loading=\"lazy\" decoding=\"async\" class=\"aligncenter  wp-image-24674\" src=\"http:\/\/fegrama.cat\/web\/wp-content\/uploads\/2018\/05\/WhatsApp-Image-2018-05-29-at-22.15.47-1024x768.jpeg\" alt=\"\" width=\"470\" height=\"353\" srcset=\"http:\/\/fegrama.cat\/web\/wp-content\/uploads\/2018\/05\/WhatsApp-Image-2018-05-29-at-22.15.47-1024x768.jpeg 1024w, http:\/\/fegrama.cat\/web\/wp-content\/uploads\/2018\/05\/WhatsApp-Image-2018-05-29-at-22.15.47-300x225.jpeg 300w, http:\/\/fegrama.cat\/web\/wp-content\/uploads\/2018\/05\/WhatsApp-Image-2018-05-29-at-22.15.47-768x576.jpeg 768w, http:\/\/fegrama.cat\/web\/wp-content\/uploads\/2018\/05\/WhatsApp-Image-2018-05-29-at-22.15.47.jpeg 1600w\" sizes=\"auto, (max-width: 470px) 100vw, 470px\" \/><\/a><\/p>\n<p>A la tarda del dimarts 29 de maig va ser presentat <strong>Toni D\u00edaz Losqui\u00f1o<\/strong> com a nou entrenador del primer equip. L&#8217;acte va ser dut a terme a la Sala de Premsa de l&#8217;estadi amb el t\u00e8cnic colomenc acompanyat pel president, <strong>Antonio Morales<\/strong>, i del vicepresident, <strong>Manolo Garc\u00eda<\/strong>.<\/p>\n<p>Antonio Morales, president de l&#8217;entitat, ha remarcat que no aconseguir jugar els play-off d&#8217;ascens a Segona B seria un frac\u00e0s. Aix\u00ed mateix li va donar la benvinguda a una persona a qui coneix des de fa anys, a la qual veu capacitada i molt preparada per emprendre un objectiu tan gran.<\/p>\n<blockquote><p><a href=\"http:\/\/fegrama.cat\/web\/wp-content\/uploads\/2018\/05\/34103313_1673263259375879_4634110021204967424_n.jpg\"><img loading=\"lazy\" decoding=\"async\" class=\"aligncenter  wp-image-24673\" src=\"http:\/\/fegrama.cat\/web\/wp-content\/uploads\/2018\/05\/34103313_1673263259375879_4634110021204967424_n.jpg\" alt=\"\" width=\"462\" height=\"311\" srcset=\"http:\/\/fegrama.cat\/web\/wp-content\/uploads\/2018\/05\/34103313_1673263259375879_4634110021204967424_n.jpg 960w, http:\/\/fegrama.cat\/web\/wp-content\/uploads\/2018\/05\/34103313_1673263259375879_4634110021204967424_n-300x202.jpg 300w, http:\/\/fegrama.cat\/web\/wp-content\/uploads\/2018\/05\/34103313_1673263259375879_4634110021204967424_n-768x516.jpg 768w, http:\/\/fegrama.cat\/web\/wp-content\/uploads\/2018\/05\/34103313_1673263259375879_4634110021204967424_n-290x195.jpg 290w\" sizes=\"auto, (max-width: 462px) 100vw, 462px\" \/><\/a>\u00abApostem per gent del club. Estem decidits a fer el millor equip, dins les nostres possibilitats pressupost\u00e0ries.\u00bb<\/p><\/blockquote>\n<p>Toni D\u00edaz, qui fins ara era coordinador de la FE Grama i entrenador del Juvenil A, es va mostrar il\u00b7lusionat per aquesta gran oportunitat que li ofereix el club. Com colomenc vol \u00abtornar a il\u00b7lusionar Santa Coloma\u00bb. Esportivament comentava que t\u00e9 la sensaci\u00f3 que l&#8217;actual plantilla pot competir a Tercera.<\/p>\n<blockquote><p>\u00abSer\u00e0 un repte i una gran responsabilitat renovar la plantilla d&#8217;aquesta temporada. Ser\u00e0 dif\u00edcil i haurem d&#8217;encertar a saber que jugadors han de seguir i que jugadors arriben.\u00bb<\/p><\/blockquote>\n<p><strong>Presentat el nou t\u00e8cnic del Juvenil A.<\/strong><\/p>\n<p><a href=\"http:\/\/fegrama.cat\/web\/wp-content\/uploads\/2018\/05\/WhatsApp-Image-2018-05-29-at-22.16.31.jpeg\"><img loading=\"lazy\" decoding=\"async\" class=\" wp-image-24675 alignleft\" src=\"http:\/\/fegrama.cat\/web\/wp-content\/uploads\/2018\/05\/WhatsApp-Image-2018-05-29-at-22.16.31-1024x768.jpeg\" alt=\"\" width=\"266\" height=\"200\" srcset=\"http:\/\/fegrama.cat\/web\/wp-content\/uploads\/2018\/05\/WhatsApp-Image-2018-05-29-at-22.16.31-1024x768.jpeg 1024w, http:\/\/fegrama.cat\/web\/wp-content\/uploads\/2018\/05\/WhatsApp-Image-2018-05-29-at-22.16.31-300x225.jpeg 300w, http:\/\/fegrama.cat\/web\/wp-content\/uploads\/2018\/05\/WhatsApp-Image-2018-05-29-at-22.16.31-768x576.jpeg 768w, http:\/\/fegrama.cat\/web\/wp-content\/uploads\/2018\/05\/WhatsApp-Image-2018-05-29-at-22.16.31.jpeg 1600w\" sizes=\"auto, (max-width: 266px) 100vw, 266px\" \/><\/a>Just despr\u00e9s de ser presentat Toni D\u00edaz va arribar el torn per a <strong>Luis Maria Hernando<\/strong> com a nou entrenador del Juvenil A de Preferent. El fins ara segon entrenador del primer equip<em> (com tamb\u00e9 ho va ser en els ascensos a 3\u00aa catalana i 2\u00aa)<\/em> es quedar\u00e0 a la Grama per dirigir al juvenil.<\/p>\n<p>L&#8217;objectiu marcat ser\u00e0 buscar l&#8217;anhelat ascens a Nacional. Comptar\u00e0 amb jugadors d&#8217;aquest any, alguns nous i nois que pugen del B. Despr\u00e9s del seu pas pel Cadet B de la Fundaci\u00f3 aquesta ser\u00e0 la seva segona etapa d&#8217;entrenador a l&#8217;entitat.<\/p>\n<p>[divider]<\/p>\n<figure id=\"attachment_24676\" aria-describedby=\"caption-attachment-24676\" style=\"width: 618px\" class=\"wp-caption aligncenter\"><a href=\"http:\/\/fegrama.cat\/web\/wp-content\/uploads\/2018\/05\/WhatsApp-Image-2018-05-29-at-22.48.09-1.jpeg\"><img loading=\"lazy\" decoding=\"async\" class=\"wp-image-24676 size-large\" src=\"http:\/\/fegrama.cat\/web\/wp-content\/uploads\/2018\/05\/WhatsApp-Image-2018-05-29-at-22.48.09-1-1024x576.jpeg\" alt=\"\" width=\"618\" height=\"348\" srcset=\"http:\/\/fegrama.cat\/web\/wp-content\/uploads\/2018\/05\/WhatsApp-Image-2018-05-29-at-22.48.09-1-1024x576.jpeg 1024w, http:\/\/fegrama.cat\/web\/wp-content\/uploads\/2018\/05\/WhatsApp-Image-2018-05-29-at-22.48.09-1-300x169.jpeg 300w, http:\/\/fegrama.cat\/web\/wp-content\/uploads\/2018\/05\/WhatsApp-Image-2018-05-29-at-22.48.09-1-768x432.jpeg 768w, http:\/\/fegrama.cat\/web\/wp-content\/uploads\/2018\/05\/WhatsApp-Image-2018-05-29-at-22.48.09-1.jpeg 1600w\" sizes=\"auto, (max-width: 618px) 100vw, 618px\" \/><\/a><figcaption id=\"caption-attachment-24676\" class=\"wp-caption-text\">D&#8217;esquerra a dreta: Manolo Garc\u00eda (vicepresident), Antonio Morales (president), Toni D\u00edaz (primer equip) i Luis M. Hernando (Juvenil A)<\/figcaption><\/figure>\n<p>En la tarde del martes 29 de mayo fue presentado<strong> Toni D\u00edaz Losqui\u00f1o<\/strong> como nuevo entrenador del primer equipo. El acto fue llevado a cabo en la Sala de Prensa del estadio el t\u00e9cnico colomense acompa\u00f1ado por el presidente, <strong>Antonio Morales<\/strong>, y del vicepresidente,<strong> Manolo Garc\u00eda<\/strong>.<\/p>\n<p>Antonio Morales, presidente de la entidad, remarc\u00f3 que no conseguir jugar los play-off de ascenso a Segunda B ser\u00eda un fracaso. As\u00ed mismo le dio la bienvenida a una persona a la que conoce desde hace a\u00f1os, a la que ve capacitada y muy preparada para acometer un objetivo tan grande.<\/p>\n<blockquote><p>\u00abApostamos por gente del club.\u00a0Estamos decididos hacer el mejor equipo, dentro de nuestras posibilidades presupuestarias.\u00bb<\/p><\/blockquote>\n<p>Toni D\u00edaz, quien hasta ahora era Coordinador de la FE Grama y entrenador del Juvenil A, se mostr\u00f3 ilusionado por esta gran oportunidad que le ofrece el club. Como colomense quiere \u00abvolver a ilusionar a Santa Coloma\u00bb. Deportivamente comentaba que tiene la sensaci\u00f3n de que la actual plantilla puede competir en Tercera.<\/p>\n<blockquote><p>\u00abSer\u00e1 un reto y una gran responsabilidad renovar la plantilla de esta temporada. Ser\u00e1 dif\u00edcil y tendremos que acertar en saber que jugadores deben seguir y que jugadores llegan.\u00bb<\/p><\/blockquote>\n<p><strong>Presentado el nuevo t\u00e9cnico del Juvenil A.<\/strong><\/p>\n<p>Justo despu\u00e9s de ser presentado Toni D\u00edaz lleg\u00f3 el turno para <strong>Luis Maria Hernando<\/strong> como nuevo entrenador del Juvenil A de Preferente. El hasta ahora segundo entrenador del primer equipo <em>(como tambi\u00e9n lo fue en los ascensos a 3\u00aa catalana y 2\u00aa)<\/em> se quedar\u00e1 en la Grama para dirigir al juvenil.<\/p>\n<p>El objetivo marcado ser\u00e1 buscar el ansiado ascenso a Nacional. Contar\u00e1 con jugadores de este a\u00f1o, algunos nuevos y chicos que suben del B. Tras su paso por el Cadete B de la Fundaci\u00f3 esta ser\u00e1 su segunda etapa de entrenador en la entidad.<\/p>\n","protected":false},"excerpt":{"rendered":"<p>A la tarda del dimarts 29 de maig va ser presentat Toni D\u00edaz Losqui\u00f1o com a nou entrenador del primer equip. L&#8217;acte va ser dut a terme a la Sala de Premsa de l&#8217;estadi amb el t\u00e8cnic colomenc acompanyat pel president, Antonio Morales, i del vicepresident, Manolo Garc\u00eda. Antonio Morales, president de l&#8217;entitat, ha remarcat [&hellip;]<\/p>\n","protected":false},"author":1,"featured_media":24674,"comment_status":"closed","ping_status":"closed","sticky":false,"template":"","format":"standard","meta":{"footnotes":""},"categories":[14],"tags":[],"class_list":["post-24672","post","type-post","status-publish","format-standard","has-post-thumbnail","hentry","category-noticies"],"_links":{"self":[{"href":"http:\/\/fegrama.cat\/web\/wp-json\/wp\/v2\/posts\/24672","targetHints":{"allow":["GET"]}}],"collection":[{"href":"http:\/\/fegrama.cat\/web\/wp-json\/wp\/v2\/posts"}],"about":[{"href":"http:\/\/fegrama.cat\/web\/wp-json\/wp\/v2\/types\/post"}],"author":[{"embeddable":true,"href":"http:\/\/fegrama.cat\/web\/wp-json\/wp\/v2\/users\/1"}],"replies":[{"embeddable":true,"href":"http:\/\/fegrama.cat\/web\/wp-json\/wp\/v2\/comments?post=24672"}],"version-history":[{"count":1,"href":"http:\/\/fegrama.cat\/web\/wp-json\/wp\/v2\/posts\/24672\/revisions"}],"predecessor-version":[{"id":24677,"href":"http:\/\/fegrama.cat\/web\/wp-json\/wp\/v2\/posts\/24672\/revisions\/24677"}],"wp:featuredmedia":[{"embeddable":true,"href":"http:\/\/fegrama.cat\/web\/wp-json\/wp\/v2\/media\/24674"}],"wp:attachment":[{"href":"http:\/\/fegrama.cat\/web\/wp-json\/wp\/v2\/media?parent=24672"}],"wp:term":[{"taxonomy":"category","embeddable":true,"href":"http:\/\/fegrama.cat\/web\/wp-json\/wp\/v2\/categories?post=24672"},{"taxonomy":"post_tag","embeddable":true,"href":"http:\/\/fegrama.cat\/web\/wp-json\/wp\/v2\/tags?post=24672"}],"curies":[{"name":"wp","href":"https:\/\/api.w.org\/{rel}","templated":true}]}}