{"id":24668,"date":"2018-05-28T19:54:54","date_gmt":"2018-05-28T18:54:54","guid":{"rendered":"http:\/\/fegrama.cat\/web\/?p=24668"},"modified":"2018-05-31T13:30:45","modified_gmt":"2018-05-31T12:30:45","slug":"la-final-del-campionat-catalunya-amateur-dissabte-a-gava","status":"publish","type":"post","link":"http:\/\/fegrama.cat\/web\/la-final-del-campionat-catalunya-amateur-dissabte-a-gava\/","title":{"rendered":"La final del Campionat de Catalunya Amateur, dissabte a Gav\u00e0"},"content":{"rendered":"<p>El proper dissabte 2 de juny, a les 17 hores, es disputar\u00e0 la final del Campionat de Catalunya Amateur. La final entre els campions dels Grups 1 i 2 de Primera Catalana es disputar\u00e0 a l&#8217;Estadi Municipal La B\u00f2bila de Gav\u00e0.<\/p>\n<p>Aquest partit enfrontar\u00e0 a la Fundaci\u00f3 Esportiva Grama, que actuar\u00e0 com a equip visitant, i el CP San Crist\u00f3bal. Tindr\u00e0 entrada gratu\u00efta i ser\u00e0 em\u00e8s en diferit per Esport3 diumenge.<\/p>\n<p>Dimecres a les 12 hores tindr\u00e0 lloc a la Sala d&#8217;Actes de la Federaci\u00f3 Catalana de Futbol la presentaci\u00f3 de la final amb la pres\u00e8ncia d&#8217;autoritats, presidents i capitans.<\/p>\n<figure id=\"attachment_24669\" aria-describedby=\"caption-attachment-24669\" style=\"width: 618px\" class=\"wp-caption aligncenter\"><a href=\"http:\/\/fegrama.cat\/web\/wp-content\/uploads\/2018\/05\/finalcampcat.jpg\"><img loading=\"lazy\" decoding=\"async\" class=\"wp-image-24669 size-large\" src=\"http:\/\/fegrama.cat\/web\/wp-content\/uploads\/2018\/05\/finalcampcat-1024x680.jpg\" alt=\"\" width=\"618\" height=\"410\" srcset=\"http:\/\/fegrama.cat\/web\/wp-content\/uploads\/2018\/05\/finalcampcat-1024x680.jpg 1024w, http:\/\/fegrama.cat\/web\/wp-content\/uploads\/2018\/05\/finalcampcat-300x199.jpg 300w, http:\/\/fegrama.cat\/web\/wp-content\/uploads\/2018\/05\/finalcampcat-768x510.jpg 768w, http:\/\/fegrama.cat\/web\/wp-content\/uploads\/2018\/05\/finalcampcat.jpg 1072w\" sizes=\"auto, (max-width: 618px) 100vw, 618px\" \/><\/a><figcaption id=\"caption-attachment-24669\" class=\"wp-caption-text\">En la foto el vicepresidente del \u00e1rea deportiva, Manolo Garc\u00eda, junto al representante del CP San Crist\u00f2bal y miembros de la FCF. | <em>Foto: FCF<\/em><\/figcaption><\/figure>\n<p>El pr\u00f3ximo s\u00e1bado 2 de junio, a las 17 horas, se disputar\u00e1 la final del Campeonato de Catalu\u00f1a Amateur. La final entre los campeones de los Grupos 1 y 2 de Primera Catalana se disputar\u00e1 en el\u00a0Estadi Municipal La B\u00f2bila de Gav\u00e0.<\/p>\n<p>Dicho encuentro enfrentar\u00e1 a la Fundaci\u00f3 Esportiva Grama, que actuar\u00e1 como equipo visitante, y el CP San Crist\u00f3bal. Partido que tendr\u00e1 entrada gratuita y que ser\u00e1 emitido en diferido por Esport3 el domingo.<\/p>\n<p>El mi\u00e9rcoles a las 12 horas tendr\u00e1 lugar en la Sala de Actos de la Federaci\u00f3 Catalana de Futbol la presentaci\u00f3n de la final con la presencia de autoridades, presidentes y capitanes.<\/p>\n<p>Els dos finalistes de la Copa Catalunya Absoluta, la Uni\u00f3 Atl\u00e8tica Horta i la UE Cornell\u00e0, s\u2019han trobat a la a la seu central de l\u2019FCF, a Barcelona, la tarda del dilluns 28 de maig per tancar els darrers detalls d\u2019un enfrontament que tindr\u00e0 lloc a l\u2019Estadi Municipal La B\u00f2bila de Gav\u00e0 una vegada finalitzi la final del Campionat de Catalunya Amateur. Els dos clubs han acordat disputar aquest encontre el 2 de juny de 2018 a les 20.00 hores. El partit es podr\u00e0 veure en diferit per Esport3 a les 21.30hores i tindr\u00e0 entrada gratu\u00efta.<\/p>\n","protected":false},"excerpt":{"rendered":"<p>El proper dissabte 2 de juny, a les 17 hores, es disputar\u00e0 la final del Campionat de Catalunya Amateur. La final entre els campions dels Grups 1 i 2 de Primera Catalana es disputar\u00e0 a l&#8217;Estadi Municipal La B\u00f2bila de Gav\u00e0. Aquest partit enfrontar\u00e0 a la Fundaci\u00f3 Esportiva Grama, que actuar\u00e0 com a equip visitant, [&hellip;]<\/p>\n","protected":false},"author":1,"featured_media":24669,"comment_status":"closed","ping_status":"closed","sticky":false,"template":"","format":"standard","meta":{"footnotes":""},"categories":[4,5],"tags":[],"class_list":["post-24668","post","type-post","status-publish","format-standard","has-post-thumbnail","hentry","category-base-inclusiu","category-primer-equip"],"_links":{"self":[{"href":"http:\/\/fegrama.cat\/web\/wp-json\/wp\/v2\/posts\/24668","targetHints":{"allow":["GET"]}}],"collection":[{"href":"http:\/\/fegrama.cat\/web\/wp-json\/wp\/v2\/posts"}],"about":[{"href":"http:\/\/fegrama.cat\/web\/wp-json\/wp\/v2\/types\/post"}],"author":[{"embeddable":true,"href":"http:\/\/fegrama.cat\/web\/wp-json\/wp\/v2\/users\/1"}],"replies":[{"embeddable":true,"href":"http:\/\/fegrama.cat\/web\/wp-json\/wp\/v2\/comments?post=24668"}],"version-history":[{"count":2,"href":"http:\/\/fegrama.cat\/web\/wp-json\/wp\/v2\/posts\/24668\/revisions"}],"predecessor-version":[{"id":24671,"href":"http:\/\/fegrama.cat\/web\/wp-json\/wp\/v2\/posts\/24668\/revisions\/24671"}],"wp:featuredmedia":[{"embeddable":true,"href":"http:\/\/fegrama.cat\/web\/wp-json\/wp\/v2\/media\/24669"}],"wp:attachment":[{"href":"http:\/\/fegrama.cat\/web\/wp-json\/wp\/v2\/media?parent=24668"}],"wp:term":[{"taxonomy":"category","embeddable":true,"href":"http:\/\/fegrama.cat\/web\/wp-json\/wp\/v2\/categories?post=24668"},{"taxonomy":"post_tag","embeddable":true,"href":"http:\/\/fegrama.cat\/web\/wp-json\/wp\/v2\/tags?post=24668"}],"curies":[{"name":"wp","href":"https:\/\/api.w.org\/{rel}","templated":true}]}}