{"id":24659,"date":"2018-05-27T18:05:17","date_gmt":"2018-05-27T17:05:17","guid":{"rendered":"http:\/\/fegrama.cat\/web\/?p=24659"},"modified":"2018-05-28T09:05:53","modified_gmt":"2018-05-28T08:05:53","slug":"victoria-del-cadet-c-en-un-partit-espectacular","status":"publish","type":"post","link":"http:\/\/fegrama.cat\/web\/victoria-del-cadet-c-en-un-partit-espectacular\/","title":{"rendered":"Vict\u00f2ria del Cadet C en un partit espectacular"},"content":{"rendered":"<p>El Cadet C va guanyar 2-1 a la PB Collblanc-Sants. Partit espectacular de la Grama que es va enfrontar al segon classificat, equip de segon any molt alt i amb molt f\u00edsic.<\/p>\n<p>Partit molt intens en el qual la major part del joc la Grama va ser superior al seu rival. Es va avan\u00e7ar el conjunt visitant en el minut 20, la Grama havia perdonat moltes ocasions i no va tenir la mateixa sort. Minuts m\u00e9s tard els colomencs veien com el seu capit\u00e0, Yago, es lesionava posant les coses m\u00e9s dif\u00edcils arribant al descans 0-1.<\/p>\n<p>A la segona meitat la Fundaci\u00f3 va ser molt superior en totes les fases del joc. Fins que en el minut 70 gr\u00e0cies a una jugada associativa Abel va marcar l&#8217;empat. En l&#8217;\u00faltima jugada del partit, i amb la Grama jugant amb 10 a causa de la lesi\u00f3 de Miki, Abel marcava el gol de la vict\u00f2ria.<\/p>\n<p>[divider]<\/p>\n<p>El Cadete C gan\u00f3 2-1 a la PB Collblanc-Sants. Partido espectacular de la Grama que se enfrent\u00f3 al segundo clasificado, equipo de segundo a\u00f1o muy alto y con mucho f\u00edsico.<\/p>\n<p>Partido muy intenso en el cual la mayor parte del juego la Grama fue superior a su rival. Se adelant\u00f3 el conjunto visitante en el minuto 20, la Grama hab\u00eda perdonado muchas ocasiones y no tuvo la misma suerte. Minutos m\u00e1s tarde los colomenses ve\u00edan como su capit\u00e1n, Yago, se lesionaba poniendo las cosas m\u00e1s dif\u00edciles llegando al descanso 0-1.<\/p>\n<p>En la segunda mitad la Fundaci\u00f3 fue muy superior en todas las fases del juego. Hasta que en el minuto 70 gracias a una jugada asociativa Abel marc\u00f3 el empate. En la \u00faltima jugada del partido, y con la Grama jugando con 10 a causa de la lesi\u00f3n de Miki, Abel marcaba el gol de la victoria.<\/p>\n","protected":false},"excerpt":{"rendered":"<p>El Cadet C va guanyar 2-1 a la PB Collblanc-Sants. Partit espectacular de la Grama que es va enfrontar al segon classificat, equip de segon any molt alt i amb molt f\u00edsic. Partit molt intens en el qual la major part del joc la Grama va ser superior al seu rival. Es va avan\u00e7ar el [&hellip;]<\/p>\n","protected":false},"author":1,"featured_media":6220,"comment_status":"closed","ping_status":"closed","sticky":false,"template":"","format":"standard","meta":{"footnotes":""},"categories":[4,7],"tags":[],"class_list":["post-24659","post","type-post","status-publish","format-standard","has-post-thumbnail","hentry","category-base-inclusiu","category-cadets"],"_links":{"self":[{"href":"http:\/\/fegrama.cat\/web\/wp-json\/wp\/v2\/posts\/24659","targetHints":{"allow":["GET"]}}],"collection":[{"href":"http:\/\/fegrama.cat\/web\/wp-json\/wp\/v2\/posts"}],"about":[{"href":"http:\/\/fegrama.cat\/web\/wp-json\/wp\/v2\/types\/post"}],"author":[{"embeddable":true,"href":"http:\/\/fegrama.cat\/web\/wp-json\/wp\/v2\/users\/1"}],"replies":[{"embeddable":true,"href":"http:\/\/fegrama.cat\/web\/wp-json\/wp\/v2\/comments?post=24659"}],"version-history":[{"count":1,"href":"http:\/\/fegrama.cat\/web\/wp-json\/wp\/v2\/posts\/24659\/revisions"}],"predecessor-version":[{"id":24660,"href":"http:\/\/fegrama.cat\/web\/wp-json\/wp\/v2\/posts\/24659\/revisions\/24660"}],"wp:featuredmedia":[{"embeddable":true,"href":"http:\/\/fegrama.cat\/web\/wp-json\/wp\/v2\/media\/6220"}],"wp:attachment":[{"href":"http:\/\/fegrama.cat\/web\/wp-json\/wp\/v2\/media?parent=24659"}],"wp:term":[{"taxonomy":"category","embeddable":true,"href":"http:\/\/fegrama.cat\/web\/wp-json\/wp\/v2\/categories?post=24659"},{"taxonomy":"post_tag","embeddable":true,"href":"http:\/\/fegrama.cat\/web\/wp-json\/wp\/v2\/tags?post=24659"}],"curies":[{"name":"wp","href":"https:\/\/api.w.org\/{rel}","templated":true}]}}