{"id":24654,"date":"2018-05-27T21:10:58","date_gmt":"2018-05-27T20:10:58","guid":{"rendered":"http:\/\/fegrama.cat\/web\/?p=24654"},"modified":"2018-05-27T21:10:58","modified_gmt":"2018-05-27T20:10:58","slug":"victoria-del-cadet-a-per-terminar-el-campionat-en-setena-posicio","status":"publish","type":"post","link":"http:\/\/fegrama.cat\/web\/victoria-del-cadet-a-per-terminar-el-campionat-en-setena-posicio\/","title":{"rendered":"Vict\u00f2ria del Cadet A per terminar el campionat en setena posici\u00f3"},"content":{"rendered":"<p>\u00daltim partit i nova vict\u00f2ria del Cadet A al Nou Sardenya per 1-3 davant el CE Europa.<\/p>\n<p>Molt r\u00e0pid la Grama es va posar per davant en el marcador amb un gol de Miguel despr\u00e9s passi de Maxim, era el minut 1 de joc. Amb 0-1 els colomencs van tenir el control del partit. Diverses ocasions despr\u00e9s Llorente en un centre de Javi posava el 0-2. Al poc en una jugada embolicada Justes va encertar amb la porteria per posar el 0-3.<\/p>\n<p>Segona part amb poca hist\u00f2ria excepte un gol de l&#8217;Europa per al marcador. Bona temporada del Cadet A, quan semblava el contrari amb un \u00faltim ter\u00e7 de campionat espectacular van salvar la categoria de manera brillant.<\/p>\n<p><a href=\"http:\/\/fegrama.cat\/web\/wp-content\/uploads\/2018\/05\/WhatsApp-Image-2018-05-12-at-23.51.09.jpeg\"><img loading=\"lazy\" decoding=\"async\" class=\"aligncenter size-large wp-image-24457\" src=\"http:\/\/fegrama.cat\/web\/wp-content\/uploads\/2018\/05\/WhatsApp-Image-2018-05-12-at-23.51.09-1024x768.jpeg\" alt=\"\" width=\"618\" height=\"464\" srcset=\"http:\/\/fegrama.cat\/web\/wp-content\/uploads\/2018\/05\/WhatsApp-Image-2018-05-12-at-23.51.09-1024x768.jpeg 1024w, http:\/\/fegrama.cat\/web\/wp-content\/uploads\/2018\/05\/WhatsApp-Image-2018-05-12-at-23.51.09-300x225.jpeg 300w, http:\/\/fegrama.cat\/web\/wp-content\/uploads\/2018\/05\/WhatsApp-Image-2018-05-12-at-23.51.09-768x576.jpeg 768w, http:\/\/fegrama.cat\/web\/wp-content\/uploads\/2018\/05\/WhatsApp-Image-2018-05-12-at-23.51.09.jpeg 1600w\" sizes=\"auto, (max-width: 618px) 100vw, 618px\" \/><\/a><\/p>\n<p>\u00daltimo partido y nueva victoria del Cadete A en el Nou Sardenya por 1-3 ante el CE Europa.<\/p>\n<p>Muy r\u00e1pido la Grama se puso por delante en el marcador con un gol de Miguel tras pase de Maxim, era el minuto 1 de juego. Con 0-1 los colomenses tuvieron el control del partido. Varias ocasiones despu\u00e9s Llorente en un centro de Javi pon\u00eda el 0-2.\u00a0Al poco en una jugada embarullada Justes acert\u00f3 con la porter\u00eda para poner el 0-3.<\/p>\n<p>Segunda parte con poca historia salvo un gol del Europa para el marcador.\u00a0Buena temporada del Cadete A, cuando parec\u00eda lo contrario con un \u00faltimo tercio de campeonato espectacular salvaron la categor\u00eda de manera brillante.<\/p>\n","protected":false},"excerpt":{"rendered":"<p>\u00daltim partit i nova vict\u00f2ria del Cadet A al Nou Sardenya per 1-3 davant el CE Europa. Molt r\u00e0pid la Grama es va posar per davant en el marcador amb un gol de Miguel despr\u00e9s passi de Maxim, era el minut 1 de joc. Amb 0-1 els colomencs van tenir el control del partit. Diverses [&hellip;]<\/p>\n","protected":false},"author":1,"featured_media":24457,"comment_status":"closed","ping_status":"closed","sticky":false,"template":"","format":"standard","meta":{"footnotes":""},"categories":[4,7],"tags":[],"class_list":["post-24654","post","type-post","status-publish","format-standard","has-post-thumbnail","hentry","category-base-inclusiu","category-cadets"],"_links":{"self":[{"href":"http:\/\/fegrama.cat\/web\/wp-json\/wp\/v2\/posts\/24654","targetHints":{"allow":["GET"]}}],"collection":[{"href":"http:\/\/fegrama.cat\/web\/wp-json\/wp\/v2\/posts"}],"about":[{"href":"http:\/\/fegrama.cat\/web\/wp-json\/wp\/v2\/types\/post"}],"author":[{"embeddable":true,"href":"http:\/\/fegrama.cat\/web\/wp-json\/wp\/v2\/users\/1"}],"replies":[{"embeddable":true,"href":"http:\/\/fegrama.cat\/web\/wp-json\/wp\/v2\/comments?post=24654"}],"version-history":[{"count":1,"href":"http:\/\/fegrama.cat\/web\/wp-json\/wp\/v2\/posts\/24654\/revisions"}],"predecessor-version":[{"id":24655,"href":"http:\/\/fegrama.cat\/web\/wp-json\/wp\/v2\/posts\/24654\/revisions\/24655"}],"wp:featuredmedia":[{"embeddable":true,"href":"http:\/\/fegrama.cat\/web\/wp-json\/wp\/v2\/media\/24457"}],"wp:attachment":[{"href":"http:\/\/fegrama.cat\/web\/wp-json\/wp\/v2\/media?parent=24654"}],"wp:term":[{"taxonomy":"category","embeddable":true,"href":"http:\/\/fegrama.cat\/web\/wp-json\/wp\/v2\/categories?post=24654"},{"taxonomy":"post_tag","embeddable":true,"href":"http:\/\/fegrama.cat\/web\/wp-json\/wp\/v2\/tags?post=24654"}],"curies":[{"name":"wp","href":"https:\/\/api.w.org\/{rel}","templated":true}]}}