{"id":24652,"date":"2018-05-27T21:04:30","date_gmt":"2018-05-27T20:04:30","guid":{"rendered":"http:\/\/fegrama.cat\/web\/?p=24652"},"modified":"2018-05-27T21:04:30","modified_gmt":"2018-05-27T20:04:30","slug":"derrota-dun-cadet-b-sense-punteria","status":"publish","type":"post","link":"http:\/\/fegrama.cat\/web\/derrota-dun-cadet-b-sense-punteria\/","title":{"rendered":"Derrota d&#8217;un Cadet B sense punteria"},"content":{"rendered":"<p>El Cadet B va caure derrotat 3-0 davant el CD Sant Gabriel D.<\/p>\n<p>Bon partit de la Fundaci\u00f3 que va tutejar l&#8217;equip local per\u00f2 desgraciadament la falta de punteria va fer que s&#8217;an\u00e9s al descans amb un 2-0. A la segona meitat m\u00e9s del mateix, els colomencs fallant ocasions i fins i tot un penal. La Grama no va aconseguir acostar-se al marcador i quan ja s&#8217;acabava el partit va arribar el definitiu 3-0.<\/p>\n<p>[divider]<\/p>\n<p>El Cadete B cay\u00f3 derrotado 3-0 ante el CD Sant Gabriel D.<\/p>\n<p>Buen partido de la Fundaci\u00f3 que tute\u00f3 al equipo local pero desgraciadamente la falta de punter\u00eda hizo que se fuera al descanso con un 2-0. En la segunda mitad m\u00e1s de lo mismo, los colomenses fallando ocasiones e incluso un penalti.\u00a0 La Grama no logr\u00f3 acercarse en el marcador y cuando ya se acababa el partido lleg\u00f3 el definitivo 3-0.<\/p>\n","protected":false},"excerpt":{"rendered":"<p>El Cadet B va caure derrotat 3-0 davant el CD Sant Gabriel D. Bon partit de la Fundaci\u00f3 que va tutejar l&#8217;equip local per\u00f2 desgraciadament la falta de punteria va fer que s&#8217;an\u00e9s al descans amb un 2-0. A la segona meitat m\u00e9s del mateix, els colomencs fallant ocasions i fins i tot un penal. [&hellip;]<\/p>\n","protected":false},"author":1,"featured_media":3855,"comment_status":"closed","ping_status":"closed","sticky":false,"template":"","format":"standard","meta":{"footnotes":""},"categories":[4,7],"tags":[],"class_list":["post-24652","post","type-post","status-publish","format-standard","has-post-thumbnail","hentry","category-base-inclusiu","category-cadets"],"_links":{"self":[{"href":"http:\/\/fegrama.cat\/web\/wp-json\/wp\/v2\/posts\/24652","targetHints":{"allow":["GET"]}}],"collection":[{"href":"http:\/\/fegrama.cat\/web\/wp-json\/wp\/v2\/posts"}],"about":[{"href":"http:\/\/fegrama.cat\/web\/wp-json\/wp\/v2\/types\/post"}],"author":[{"embeddable":true,"href":"http:\/\/fegrama.cat\/web\/wp-json\/wp\/v2\/users\/1"}],"replies":[{"embeddable":true,"href":"http:\/\/fegrama.cat\/web\/wp-json\/wp\/v2\/comments?post=24652"}],"version-history":[{"count":1,"href":"http:\/\/fegrama.cat\/web\/wp-json\/wp\/v2\/posts\/24652\/revisions"}],"predecessor-version":[{"id":24653,"href":"http:\/\/fegrama.cat\/web\/wp-json\/wp\/v2\/posts\/24652\/revisions\/24653"}],"wp:featuredmedia":[{"embeddable":true,"href":"http:\/\/fegrama.cat\/web\/wp-json\/wp\/v2\/media\/3855"}],"wp:attachment":[{"href":"http:\/\/fegrama.cat\/web\/wp-json\/wp\/v2\/media?parent=24652"}],"wp:term":[{"taxonomy":"category","embeddable":true,"href":"http:\/\/fegrama.cat\/web\/wp-json\/wp\/v2\/categories?post=24652"},{"taxonomy":"post_tag","embeddable":true,"href":"http:\/\/fegrama.cat\/web\/wp-json\/wp\/v2\/tags?post=24652"}],"curies":[{"name":"wp","href":"https:\/\/api.w.org\/{rel}","templated":true}]}}