{"id":24642,"date":"2018-05-27T20:31:10","date_gmt":"2018-05-27T19:31:10","guid":{"rendered":"http:\/\/fegrama.cat\/web\/?p=24642"},"modified":"2018-05-27T20:31:10","modified_gmt":"2018-05-27T19:31:10","slug":"gran-partit-de-linfantil-c-salvacio","status":"publish","type":"post","link":"http:\/\/fegrama.cat\/web\/gran-partit-de-linfantil-c-salvacio\/","title":{"rendered":"Gran partit de l&#8217;Infantil C. Salvaci\u00f3!!"},"content":{"rendered":"<p>L&#8217;Infantil C va guanyar 5-3 al FC Martinenc aconseguint la salvaci\u00f3 a la categoria.<\/p>\n<p>Gran primera meitat de la Grama que va marxar al descans 5-0. Els visitants van tenir la primera ocasi\u00f3 clara de gol per\u00f2 sense sort de cara a porta, i en la primera de la Grama va arribar l&#8217;1-0. A partir d&#8217;aqu\u00ed domini constant de la Grama que no va deixar sortir al rival del seu camp, els va tancar a la seva \u00e0rea i va tenir ocasions per anar-se&#8217;n amb un resultat major al 5-0.<\/p>\n<p>Segona meitat relaxada de la Grama davant un rival que es va acostar al marcador per\u00f2 sense fer perillar la vict\u00f2ria local. H\u00e9ctor (2), Rayn, Ishar i un en pr\u00f2pia porta van ser els gols locals.<\/p>\n<p>[divider]<\/p>\n<p>El Infantil C gan\u00f3 5-3 al FC Martinenc consiguiendo la salvaci\u00f3n en la categor\u00eda.<\/p>\n<p>Gran primera mitad de la Grama que se march\u00f3 al descanso 5-0. Los visitantes tuvieron la primera ocasi\u00f3n clara de gol pero sin suerte de cara a puerta, y en la primera de la Grama lleg\u00f3 el 1-0. A partir de ah\u00ed dominio constante de la Grama que no dej\u00f3 salir al rival de su campo, los encerr\u00f3 en su \u00e1rea y tuvo ocasiones para irse con un resultado mayor al 5-0.<\/p>\n<p>Segunda mitad relajada de la Grama ante un rival que se acerc\u00f3 en el marcador pero sin hacer peligrar la victoria local.\u00a0H\u00e9ctor (2), Rayn, Izhar y uno en propia puerta fueron los goles locales.<\/p>\n","protected":false},"excerpt":{"rendered":"<p>L&#8217;Infantil C va guanyar 5-3 al FC Martinenc aconseguint la salvaci\u00f3 a la categoria. Gran primera meitat de la Grama que va marxar al descans 5-0. Els visitants van tenir la primera ocasi\u00f3 clara de gol per\u00f2 sense sort de cara a porta, i en la primera de la Grama va arribar l&#8217;1-0. A partir [&hellip;]<\/p>\n","protected":false},"author":1,"featured_media":5464,"comment_status":"closed","ping_status":"closed","sticky":false,"template":"","format":"standard","meta":{"footnotes":""},"categories":[4,9],"tags":[],"class_list":["post-24642","post","type-post","status-publish","format-standard","has-post-thumbnail","hentry","category-base-inclusiu","category-infantils"],"_links":{"self":[{"href":"http:\/\/fegrama.cat\/web\/wp-json\/wp\/v2\/posts\/24642","targetHints":{"allow":["GET"]}}],"collection":[{"href":"http:\/\/fegrama.cat\/web\/wp-json\/wp\/v2\/posts"}],"about":[{"href":"http:\/\/fegrama.cat\/web\/wp-json\/wp\/v2\/types\/post"}],"author":[{"embeddable":true,"href":"http:\/\/fegrama.cat\/web\/wp-json\/wp\/v2\/users\/1"}],"replies":[{"embeddable":true,"href":"http:\/\/fegrama.cat\/web\/wp-json\/wp\/v2\/comments?post=24642"}],"version-history":[{"count":1,"href":"http:\/\/fegrama.cat\/web\/wp-json\/wp\/v2\/posts\/24642\/revisions"}],"predecessor-version":[{"id":24644,"href":"http:\/\/fegrama.cat\/web\/wp-json\/wp\/v2\/posts\/24642\/revisions\/24644"}],"wp:featuredmedia":[{"embeddable":true,"href":"http:\/\/fegrama.cat\/web\/wp-json\/wp\/v2\/media\/5464"}],"wp:attachment":[{"href":"http:\/\/fegrama.cat\/web\/wp-json\/wp\/v2\/media?parent=24642"}],"wp:term":[{"taxonomy":"category","embeddable":true,"href":"http:\/\/fegrama.cat\/web\/wp-json\/wp\/v2\/categories?post=24642"},{"taxonomy":"post_tag","embeddable":true,"href":"http:\/\/fegrama.cat\/web\/wp-json\/wp\/v2\/tags?post=24642"}],"curies":[{"name":"wp","href":"https:\/\/api.w.org\/{rel}","templated":true}]}}