{"id":24634,"date":"2018-05-27T18:28:57","date_gmt":"2018-05-27T17:28:57","guid":{"rendered":"http:\/\/fegrama.cat\/web\/?p=24634"},"modified":"2018-05-27T18:28:57","modified_gmt":"2018-05-27T17:28:57","slug":"el-futbol-va-ser-injust-amb-el-juvenil-cadet-b","status":"publish","type":"post","link":"http:\/\/fegrama.cat\/web\/el-futbol-va-ser-injust-amb-el-juvenil-cadet-b\/","title":{"rendered":"El futbol va ser injust amb el Juvenil-Cadet B"},"content":{"rendered":"<p>Derrota del Juvenil-Cadet B per 1-2 davant la UD Cirera.<\/p>\n<p>Primers 40 minuts de joc controlats per la Grama per\u00f2 sense sort de cara a porteria. Primera meitat amb ocasions per a tots dos conjunts i amb 0-0 al descans. Al comen\u00e7ament del segon temps les colomenques van enviar una pilota contra el pal en una ocasi\u00f3 molt clara i en la jugada seg\u00fcent arribaria el 0-1.<\/p>\n<p>Despr\u00e9s del gol la Fundaci\u00f3 va canviar de sistema passant a jugar amb tres defenses. Les locals van portar la batuta del partit amb la possessi\u00f3 i van aconseguir empatar al minut 75. Tres minuts despr\u00e9s la Grama va tenir el segon en una ocasi\u00f3 clara i a la jugada seg\u00fcent, una s\u00e8rie de rebots va afavorir l&#8217;Cirera que va marcar el 1-2.<\/p>\n<p><a href=\"http:\/\/fegrama.cat\/web\/wp-content\/uploads\/2017\/12\/juvcadB.jpeg\"><img loading=\"lazy\" decoding=\"async\" class=\"aligncenter  wp-image-22611\" src=\"http:\/\/fegrama.cat\/web\/wp-content\/uploads\/2017\/12\/juvcadB.jpeg\" alt=\"\" width=\"390\" height=\"228\" srcset=\"http:\/\/fegrama.cat\/web\/wp-content\/uploads\/2017\/12\/juvcadB.jpeg 1014w, http:\/\/fegrama.cat\/web\/wp-content\/uploads\/2017\/12\/juvcadB-300x175.jpeg 300w, http:\/\/fegrama.cat\/web\/wp-content\/uploads\/2017\/12\/juvcadB-768x449.jpeg 768w\" sizes=\"auto, (max-width: 390px) 100vw, 390px\" \/><\/a><\/p>\n<p>Derrota del Juvenil-Cadete B por 1-2 ante la UD Cirera.<\/p>\n<p>Primeros 40 minutos de juego controlados por la Grama pero sin suerte de cara a porter\u00eda. Primera mitad con ocasiones para ambos conjuntos y con 0-0 al descanso. Al comienzo del segundo tiempo las colomenses enviaron un bal\u00f3n contra el palo en una ocasi\u00f3n muy clara y en la jugada siguiente llegar\u00eda el 0-1.<\/p>\n<p>Tras el gol la Fundaci\u00f3 cambi\u00f3 de sistema pasando a jugar con tres defensas. Las locales llevaron la batuta del partido con la posesi\u00f3n y consiguieron empatar en el minuto 75. Tres minutos despu\u00e9s la Grama tuvo el segundo en una ocasi\u00f3n clara y a la jugada siguiente, una serie de rebotes favoreci\u00f3 al Cirera que marc\u00f3 el 1-2.<\/p>\n","protected":false},"excerpt":{"rendered":"<p>Derrota del Juvenil-Cadet B per 1-2 davant la UD Cirera. Primers 40 minuts de joc controlats per la Grama per\u00f2 sense sort de cara a porteria. Primera meitat amb ocasions per a tots dos conjunts i amb 0-0 al descans. Al comen\u00e7ament del segon temps les colomenques van enviar una pilota contra el pal en [&hellip;]<\/p>\n","protected":false},"author":1,"featured_media":22611,"comment_status":"closed","ping_status":"closed","sticky":false,"template":"","format":"standard","meta":{"footnotes":""},"categories":[4,13],"tags":[],"class_list":["post-24634","post","type-post","status-publish","format-standard","has-post-thumbnail","hentry","category-base-inclusiu","category-femeni"],"_links":{"self":[{"href":"http:\/\/fegrama.cat\/web\/wp-json\/wp\/v2\/posts\/24634","targetHints":{"allow":["GET"]}}],"collection":[{"href":"http:\/\/fegrama.cat\/web\/wp-json\/wp\/v2\/posts"}],"about":[{"href":"http:\/\/fegrama.cat\/web\/wp-json\/wp\/v2\/types\/post"}],"author":[{"embeddable":true,"href":"http:\/\/fegrama.cat\/web\/wp-json\/wp\/v2\/users\/1"}],"replies":[{"embeddable":true,"href":"http:\/\/fegrama.cat\/web\/wp-json\/wp\/v2\/comments?post=24634"}],"version-history":[{"count":1,"href":"http:\/\/fegrama.cat\/web\/wp-json\/wp\/v2\/posts\/24634\/revisions"}],"predecessor-version":[{"id":24635,"href":"http:\/\/fegrama.cat\/web\/wp-json\/wp\/v2\/posts\/24634\/revisions\/24635"}],"wp:featuredmedia":[{"embeddable":true,"href":"http:\/\/fegrama.cat\/web\/wp-json\/wp\/v2\/media\/22611"}],"wp:attachment":[{"href":"http:\/\/fegrama.cat\/web\/wp-json\/wp\/v2\/media?parent=24634"}],"wp:term":[{"taxonomy":"category","embeddable":true,"href":"http:\/\/fegrama.cat\/web\/wp-json\/wp\/v2\/categories?post=24634"},{"taxonomy":"post_tag","embeddable":true,"href":"http:\/\/fegrama.cat\/web\/wp-json\/wp\/v2\/tags?post=24634"}],"curies":[{"name":"wp","href":"https:\/\/api.w.org\/{rel}","templated":true}]}}