{"id":24632,"date":"2018-05-27T18:01:18","date_gmt":"2018-05-27T17:01:18","guid":{"rendered":"http:\/\/fegrama.cat\/web\/?p=24632"},"modified":"2018-05-27T18:01:18","modified_gmt":"2018-05-27T17:01:18","slug":"victoria-del-cadet-infantil-davant-les-terceres","status":"publish","type":"post","link":"http:\/\/fegrama.cat\/web\/victoria-del-cadet-infantil-davant-les-terceres\/","title":{"rendered":"Vict\u00f2ria del Cadet-Infantil davant les terceres"},"content":{"rendered":"<p>Vict\u00f2ria del Cadet-Infantil per 4-3 davant el CE Moi\u00e0 per guanyar sensacions.<\/p>\n<p>La Grama arribava al partit despr\u00e9s del dur cop de la setmana passada i aix\u00f2 es va poder notar ja que les jugadores van estar psicol\u00f2gicament cansades i tocades. Per un moment van oblidar el resultat anterior i van fer un partit correcte. A la mitja part es va arribar amb 1-1 en un partit obert.<\/p>\n<p>Segona part molt disputada on la Grama va aconseguir trenar bones jugades per endur-se els tres punts en un partit intens i emocionant.<\/p>\n<p><a href=\"http:\/\/fegrama.cat\/web\/wp-content\/uploads\/2017\/10\/cadinf.jpg\"><img loading=\"lazy\" decoding=\"async\" class=\"aligncenter size-full wp-image-22121\" src=\"http:\/\/fegrama.cat\/web\/wp-content\/uploads\/2017\/10\/cadinf.jpg\" alt=\"\" width=\"640\" height=\"640\" srcset=\"http:\/\/fegrama.cat\/web\/wp-content\/uploads\/2017\/10\/cadinf.jpg 640w, http:\/\/fegrama.cat\/web\/wp-content\/uploads\/2017\/10\/cadinf-150x150.jpg 150w, http:\/\/fegrama.cat\/web\/wp-content\/uploads\/2017\/10\/cadinf-300x300.jpg 300w, http:\/\/fegrama.cat\/web\/wp-content\/uploads\/2017\/10\/cadinf-55x55.jpg 55w\" sizes=\"auto, (max-width: 640px) 100vw, 640px\" \/><\/a><\/p>\n<p>Victoria del Cadete-Infantil por 4-3 ante el CE Moi\u00e0 para ganar sensaciones.<\/p>\n<p>La Grama llegaba al partido tras el duro golpe de la semana pasada y eso se pudo notar ya que las jugadoras estuvieron\u00a0psicol\u00f3gicamente cansadas y tocadas. Por un momento olvidaron el resultado anterior e hicieron un partido correcto. A la media parte se lleg\u00f3 con 1-1 en un partido abierto.<\/p>\n<p>Segunda parte muy disputada donde la Grama consigui\u00f3 trenzar buenas jugadas para llevarse los tres puntos en un partido intenso y emocionante.<\/p>\n","protected":false},"excerpt":{"rendered":"<p>Vict\u00f2ria del Cadet-Infantil per 4-3 davant el CE Moi\u00e0 per guanyar sensacions. La Grama arribava al partit despr\u00e9s del dur cop de la setmana passada i aix\u00f2 es va poder notar ja que les jugadores van estar psicol\u00f2gicament cansades i tocades. Per un moment van oblidar el resultat anterior i van fer un partit correcte. [&hellip;]<\/p>\n","protected":false},"author":1,"featured_media":22121,"comment_status":"closed","ping_status":"closed","sticky":false,"template":"","format":"standard","meta":{"footnotes":""},"categories":[4,13],"tags":[],"class_list":["post-24632","post","type-post","status-publish","format-standard","has-post-thumbnail","hentry","category-base-inclusiu","category-femeni"],"_links":{"self":[{"href":"http:\/\/fegrama.cat\/web\/wp-json\/wp\/v2\/posts\/24632","targetHints":{"allow":["GET"]}}],"collection":[{"href":"http:\/\/fegrama.cat\/web\/wp-json\/wp\/v2\/posts"}],"about":[{"href":"http:\/\/fegrama.cat\/web\/wp-json\/wp\/v2\/types\/post"}],"author":[{"embeddable":true,"href":"http:\/\/fegrama.cat\/web\/wp-json\/wp\/v2\/users\/1"}],"replies":[{"embeddable":true,"href":"http:\/\/fegrama.cat\/web\/wp-json\/wp\/v2\/comments?post=24632"}],"version-history":[{"count":1,"href":"http:\/\/fegrama.cat\/web\/wp-json\/wp\/v2\/posts\/24632\/revisions"}],"predecessor-version":[{"id":24633,"href":"http:\/\/fegrama.cat\/web\/wp-json\/wp\/v2\/posts\/24632\/revisions\/24633"}],"wp:featuredmedia":[{"embeddable":true,"href":"http:\/\/fegrama.cat\/web\/wp-json\/wp\/v2\/media\/22121"}],"wp:attachment":[{"href":"http:\/\/fegrama.cat\/web\/wp-json\/wp\/v2\/media?parent=24632"}],"wp:term":[{"taxonomy":"category","embeddable":true,"href":"http:\/\/fegrama.cat\/web\/wp-json\/wp\/v2\/categories?post=24632"},{"taxonomy":"post_tag","embeddable":true,"href":"http:\/\/fegrama.cat\/web\/wp-json\/wp\/v2\/tags?post=24632"}],"curies":[{"name":"wp","href":"https:\/\/api.w.org\/{rel}","templated":true}]}}