{"id":24630,"date":"2018-05-27T17:45:19","date_gmt":"2018-05-27T16:45:19","guid":{"rendered":"http:\/\/fegrama.cat\/web\/?p=24630"},"modified":"2018-05-27T17:45:19","modified_gmt":"2018-05-27T16:45:19","slug":"derrota-voluminosa-de-lalevi-benjami-per-finalitzar-la-temporada","status":"publish","type":"post","link":"http:\/\/fegrama.cat\/web\/derrota-voluminosa-de-lalevi-benjami-per-finalitzar-la-temporada\/","title":{"rendered":"Derrota voluminosa de l&#8217;Alev\u00ed-Benjam\u00ed per finalitzar la temporada"},"content":{"rendered":"<p>L&#8217;Alev\u00ed-Benjam\u00ed va caure derrotat per un volumin\u00f3s 9-1 davant el FC Martinenc.<\/p>\n<p>La Grama es va enfrontar a un rival fort que va estar molt afortunat de cara a porta a la primera meitat. Molt aviat arribaria el 1-0 ia la mitja part s&#8217;arribaria 4-0. Les colomenques es van enfonsar i f\u00edsicament estaven molt cansades.<\/p>\n<p>La Fundaci\u00f3 ho va intentar per\u00f2 sense sort davant un rival que va ser molt superior. A falta de deu minuts va arribar l&#8217;\u00fanic gol de les de Santa Coloma. Un partit complicat i dur per finalitzar la lliga, queden dues jornades per\u00f2 la FE Grama ja no juga cap partit, dues jornades de descans.<\/p>\n<p><a href=\"http:\/\/fegrama.cat\/web\/wp-content\/uploads\/2017\/10\/aleben1718.jpg\"><img loading=\"lazy\" decoding=\"async\" class=\"aligncenter size-large wp-image-22144\" src=\"http:\/\/fegrama.cat\/web\/wp-content\/uploads\/2017\/10\/aleben1718-1024x768.jpg\" alt=\"\" width=\"618\" height=\"464\" srcset=\"http:\/\/fegrama.cat\/web\/wp-content\/uploads\/2017\/10\/aleben1718-1024x768.jpg 1024w, http:\/\/fegrama.cat\/web\/wp-content\/uploads\/2017\/10\/aleben1718-300x225.jpg 300w, http:\/\/fegrama.cat\/web\/wp-content\/uploads\/2017\/10\/aleben1718.jpg 1600w\" sizes=\"auto, (max-width: 618px) 100vw, 618px\" \/><\/a><\/p>\n<p>El Alev\u00edn-Benjam\u00edn cay\u00f3 derrotado por un abultado 9-1 ante el FC Martinenc.<\/p>\n<p>La Grama se enfrent\u00f3 a un rival fuerte que estuvo muy afortunado de cara a puerta en la primera mitad. Muy pronto llegar\u00eda el 1-0 y a la media parte se llegar\u00eda 4-0. Las colomenses se vinieron abajo y f\u00edsicamente estaban muy cansadas.<\/p>\n<p>La Fundaci\u00f3 lo intent\u00f3 pero sin suerte ante un rival que fue muy superior. A falta de diez minutos lleg\u00f3 el \u00fanico gol de las de Santa Coloma. Un partido complicado y duro para finalizar la liga, quedan dos jornadas pero la FE Grama ya no juega ning\u00fan partido, dos jornadas de descanso.<\/p>\n","protected":false},"excerpt":{"rendered":"<p>L&#8217;Alev\u00ed-Benjam\u00ed va caure derrotat per un volumin\u00f3s 9-1 davant el FC Martinenc. La Grama es va enfrontar a un rival fort que va estar molt afortunat de cara a porta a la primera meitat. Molt aviat arribaria el 1-0 ia la mitja part s&#8217;arribaria 4-0. Les colomenques es van enfonsar i f\u00edsicament estaven molt cansades. [&hellip;]<\/p>\n","protected":false},"author":1,"featured_media":22144,"comment_status":"closed","ping_status":"closed","sticky":false,"template":"","format":"standard","meta":{"footnotes":""},"categories":[4,13],"tags":[],"class_list":["post-24630","post","type-post","status-publish","format-standard","has-post-thumbnail","hentry","category-base-inclusiu","category-femeni"],"_links":{"self":[{"href":"http:\/\/fegrama.cat\/web\/wp-json\/wp\/v2\/posts\/24630","targetHints":{"allow":["GET"]}}],"collection":[{"href":"http:\/\/fegrama.cat\/web\/wp-json\/wp\/v2\/posts"}],"about":[{"href":"http:\/\/fegrama.cat\/web\/wp-json\/wp\/v2\/types\/post"}],"author":[{"embeddable":true,"href":"http:\/\/fegrama.cat\/web\/wp-json\/wp\/v2\/users\/1"}],"replies":[{"embeddable":true,"href":"http:\/\/fegrama.cat\/web\/wp-json\/wp\/v2\/comments?post=24630"}],"version-history":[{"count":1,"href":"http:\/\/fegrama.cat\/web\/wp-json\/wp\/v2\/posts\/24630\/revisions"}],"predecessor-version":[{"id":24631,"href":"http:\/\/fegrama.cat\/web\/wp-json\/wp\/v2\/posts\/24630\/revisions\/24631"}],"wp:featuredmedia":[{"embeddable":true,"href":"http:\/\/fegrama.cat\/web\/wp-json\/wp\/v2\/media\/22144"}],"wp:attachment":[{"href":"http:\/\/fegrama.cat\/web\/wp-json\/wp\/v2\/media?parent=24630"}],"wp:term":[{"taxonomy":"category","embeddable":true,"href":"http:\/\/fegrama.cat\/web\/wp-json\/wp\/v2\/categories?post=24630"},{"taxonomy":"post_tag","embeddable":true,"href":"http:\/\/fegrama.cat\/web\/wp-json\/wp\/v2\/tags?post=24630"}],"curies":[{"name":"wp","href":"https:\/\/api.w.org\/{rel}","templated":true}]}}