{"id":24621,"date":"2018-05-28T08:45:18","date_gmt":"2018-05-28T07:45:18","guid":{"rendered":"http:\/\/fegrama.cat\/web\/?p=24621"},"modified":"2018-05-28T08:45:18","modified_gmt":"2018-05-28T07:45:18","slug":"resums-dels-equips-benjamins-26-i-27-de-maig","status":"publish","type":"post","link":"http:\/\/fegrama.cat\/web\/resums-dels-equips-benjamins-26-i-27-de-maig\/","title":{"rendered":"Resums dels equips Benjamins (26 i 27 de maig)"},"content":{"rendered":"<p><a href=\"http:\/\/fegrama.cat\/web\/wp-content\/uploads\/2018\/01\/benA.jpeg\"><img loading=\"lazy\" decoding=\"async\" class=\"aligncenter wp-image-22728\" src=\"http:\/\/fegrama.cat\/web\/wp-content\/uploads\/2018\/01\/benA.jpeg\" sizes=\"auto, (max-width: 437px) 100vw, 437px\" srcset=\"http:\/\/fegrama.cat\/web\/wp-content\/uploads\/2018\/01\/benA.jpeg 675w, http:\/\/fegrama.cat\/web\/wp-content\/uploads\/2018\/01\/benA-300x209.jpeg 300w\" alt=\"\" width=\"437\" height=\"305\" \/><\/a><\/p>\n<p><strong>EF Matar\u00f3 C 0-2 BENJAM\u00cd A<\/strong><\/p>\n<p>La Grama va guanyar davant el cinqu\u00e8 i aspira a quedar entre els 5 primers. Partit molt disputat on els locals van manar en el primer quart. La Grama poc a poc va comen\u00e7ar a aprofundir per\u00f2 el gol es va resistir. Al minut 40 Alan va avan\u00e7ar als colomencs despr\u00e9s d&#8217;una bona jugada de Roc. El segon gol arribaria en un c\u00f3rner, Sergio marcaria un gol\u00e0s per l&#8217;escaire.<\/p>\n<p>La Grama gan\u00f3 ante el quinto y aspira a quedar entre los 5 primeros. Partido muy disputado donde los locales mandaron en el primer cuarto. La Grama poco a poco empez\u00f3 a profundizar pero el gol se resisti\u00f3. En\u00a0el minuto 40 Alan adelant\u00f3 a los colomenses despu\u00e9s de una buena jugada de Roc. El segundo gol llegar\u00eda en un c\u00f3rner, Sergio marcar\u00eda un golazo por la escuadra.<\/p>\n<div>\n<div class=\"clear\">\n<div class=\"clear\">\n<div class=\"clear\">\n<div class=\"clear\">\n<div class=\"clear\">\n<div class=\"clear\">\n<div class=\"clear\">\n<div class=\"divider\">\n<div class=\"clear\">\n<div class=\"clear\">\n<div class=\"clear\">\n<div class=\"clear\">\n<div class=\"clear\">\n<div class=\"clear\">\n<div class=\"clear\">\n<div class=\"clear\">\n<div class=\"divider\">[divider]<\/div>\n<\/div>\n<\/div>\n<\/div>\n<\/div>\n<\/div>\n<\/div>\n<\/div>\n<\/div>\n<\/div>\n<\/div>\n<\/div>\n<\/div>\n<\/div>\n<\/div>\n<\/div>\n<\/div>\n<\/div>\n<p><strong>EF Premier Barcelona 7-0 BENJAM\u00cd B<\/strong><\/p>\n<p>Dos primers quarts dominats per complet per la Premier que va marxar al descans 6-0. En els dos seg\u00fcents quarts el parcial va ser de 1-0 per als locals, equip que sota el ritme, la Grama va estar una mica m\u00e9s concentrada.<\/p>\n<p>Dos primeros cuartos dominados por completo por la Premier que se march\u00f3 al descanso 6-0. En los dos siguientes cuartos el parcial fue de 1-0 para los locales, equipo que bajo el ritmo, la Grama estuvo algo m\u00e1s concentrada.<\/p>\n<div>\n<div class=\"clear\"><a href=\"http:\/\/fegrama.cat\/web\/wp-content\/uploads\/2018\/01\/benC.jpg\"><img loading=\"lazy\" decoding=\"async\" class=\"aligncenter wp-image-22680\" src=\"http:\/\/fegrama.cat\/web\/wp-content\/uploads\/2018\/01\/benC.jpg\" sizes=\"auto, (max-width: 550px) 100vw, 550px\" srcset=\"http:\/\/fegrama.cat\/web\/wp-content\/uploads\/2018\/01\/benC.jpg 756w, http:\/\/fegrama.cat\/web\/wp-content\/uploads\/2018\/01\/benC-300x208.jpg 300w\" alt=\"\" width=\"550\" height=\"381\" \/><\/a><\/div>\n<\/div>\n<p><strong>Trajana-PB Sant Just 0-13 BENJAM\u00cd C<\/strong><\/p>\n<p>La Grama va ser molt superior al seu rival. Els colomencs van tenir la possessi\u00f3 de la pilota i sempre van ser generosos. Fins al minut 12 no va arribar el primer gol i amb ell tres de consecutius. Van marcar Ibrahim (3), Izan (2), Daniel (2), Gerard (2), Sergio (2), Adri\u00e1n i Mohamed-Naser. Cal destacar el molt bon comportament dels petits tant amb els seus companys com amb el rival.<\/p>\n<p>La Grama fue muy superior a su rival. Los colomenses tuvieron la posesi\u00f3n del bal\u00f3n y siempre fueron generosos. Hasta el minuto 12 no lleg\u00f3 el primer gol y con \u00e9l tres consecutivos. Marcaron Ibrahim (3), Izan (2), Daniel (2), Gerard (2), Sergio (2), Adri\u00e1n y Mohamed-Naser.\u00a0Cabe destacar el muy buen comportamiento de los peque\u00f1os tanto con sus compa\u00f1eros como con el rival.<\/p>\n<div>\n<div class=\"clear\"><a href=\"http:\/\/fegrama.cat\/web\/wp-content\/uploads\/2018\/01\/benD.jpg\"><img loading=\"lazy\" decoding=\"async\" class=\"aligncenter size-full wp-image-22684\" src=\"http:\/\/fegrama.cat\/web\/wp-content\/uploads\/2018\/01\/benD.jpg\" sizes=\"auto, (max-width: 649px) 100vw, 649px\" srcset=\"http:\/\/fegrama.cat\/web\/wp-content\/uploads\/2018\/01\/benD.jpg 649w, http:\/\/fegrama.cat\/web\/wp-content\/uploads\/2018\/01\/benD-300x224.jpg 300w\" alt=\"\" width=\"649\" height=\"484\" \/><\/a><\/div>\n<\/div>\n<p><strong>CF Barceloneta 3-4 BENJAM\u00cd D<\/strong><\/p>\n<p>El partit va comen\u00e7ar de forma desastrosa per a la Grama, que en el minut 4 ja perdia 2-0 en els dos primers remats dels locals. Tot i la mala fortuna els colomencs es van reposar i van empatar el partit abans del descans amb gols d&#8217;Eric i Cheongyong. A la segona part la Grama va sortir m\u00e9s endollada i es va posar per davant amb un gran gol d&#8217;Izan. Ja en l&#8217;\u00faltim quart els locals van empatar a pilota parada, per\u00f2 a falta de 2 minuts per al final Eric va marcar el gol de la vict\u00f2ria i els punts es van anar per Santa Coloma.<\/p>\n<p>El partido empez\u00f3 de forma desastrosa para la Grama, que en el minuto 4 ya perd\u00eda 2-0 en los dos primeros remates de los locales. A pesar de la mala fortuna los colomenses se repusieron y empataron el partido antes del descanso con goles de Eric y Cheongyong. En la segunda parte la Grama sali\u00f3 m\u00e1s enchufada y se puso por delante con un gran gol de Izan. Ya en el \u00faltimo cuarto los locales empataron a bal\u00f3n parado, pero a falta de 2 minutos para el final Eric marc\u00f3 el gol de la victoria y los puntos se fueron para Santa Coloma.<\/p>\n<div>\n<div>\n<div class=\"clear\">\n<p><a href=\"http:\/\/fegrama.cat\/web\/wp-content\/uploads\/2018\/01\/benF.jpg\"><img loading=\"lazy\" decoding=\"async\" class=\"aligncenter size-large wp-image-22706\" src=\"http:\/\/fegrama.cat\/web\/wp-content\/uploads\/2018\/01\/benF-1024x768.jpg\" sizes=\"auto, (max-width: 618px) 100vw, 618px\" srcset=\"http:\/\/fegrama.cat\/web\/wp-content\/uploads\/2018\/01\/benF.jpg 1024w, http:\/\/fegrama.cat\/web\/wp-content\/uploads\/2018\/01\/benF-300x225.jpg 300w, http:\/\/fegrama.cat\/web\/wp-content\/uploads\/2018\/01\/benF-768x576.jpg 768w\" alt=\"\" width=\"618\" height=\"464\" \/><\/a><\/p>\n<\/div>\n<\/div>\n<div class=\"clear\"><strong>CF Damm C 6-2 BENJAM\u00cd F<\/strong><\/div>\n<\/div>\n<p>La Grama es va enfrontar al campi\u00f3 de lliga, equip que es va mostrar molt superior. Els colomencs van donar la cara en diferents fases del partit. Els colomencs van tenir mala sort a l&#8217;encaixar dos gols en pr\u00f2pia porta i haver d&#8217;anar a remolc tot el partit, tot i aix\u00ed van lluitar fins al final.<\/p>\n<p>La Grama se enfrent\u00f3 al campe\u00f3n de liga, equipo que se mostr\u00f3 muy superior. Los colomenses dieron la cara en diferentes fases del partido. Los colomenses tuvieron mala suerte al encajar dos goles en propia puerta y tener que ir a remolque todo el choque, a\u00fan as\u00ed lucharon hasta el final.<\/p>\n<div class=\"clear\">\n<div class=\"clear\">\n<div class=\"clear\">\n<div class=\"clear\">\n<div class=\"clear\">\n<div class=\"clear\">\n<div class=\"clear\">\n<div class=\"clear\">\n<div class=\"clear\">\n<div class=\"clear\"><a href=\"http:\/\/fegrama.cat\/web\/wp-content\/uploads\/2018\/04\/torneocanbuxeres2.jpg\"><img loading=\"lazy\" decoding=\"async\" class=\"aligncenter size-large wp-image-23819\" src=\"http:\/\/fegrama.cat\/web\/wp-content\/uploads\/2018\/04\/torneocanbuxeres2-1024x768.jpg\" sizes=\"auto, (max-width: 618px) 100vw, 618px\" srcset=\"http:\/\/fegrama.cat\/web\/wp-content\/uploads\/2018\/04\/torneocanbuxeres2.jpg 1024w, http:\/\/fegrama.cat\/web\/wp-content\/uploads\/2018\/04\/torneocanbuxeres2-300x225.jpg 300w, http:\/\/fegrama.cat\/web\/wp-content\/uploads\/2018\/04\/torneocanbuxeres2-768x576.jpg 768w\" alt=\"\" width=\"618\" height=\"464\" \/><\/a><\/div>\n<\/div>\n<\/div>\n<\/div>\n<\/div>\n<\/div>\n<\/div>\n<\/div>\n<\/div>\n<\/div>\n<p><strong>BENJAM\u00cd G 3-9 CE APA Poble Sec B<\/strong><\/p>\n<p>Bona primera part de la Grama que va competir a gran nivell davant un rival complicat. A la mitja part es va arribar amb 2-4 i en el segon temps les coses van canviar. La Grama es va bloquejar en el joc, ho van intentar per\u00f2 sense \u00e8xit i un partit que se li va anar complicant cada vegada m\u00e9s.<\/p>\n<p>Buena primera parte de la Grama que compiti\u00f3 a gran nivel ante un rival complicado. A la media parte se lleg\u00f3 con 2-4 y en el segundo tiempo las cosas cambiaron. La Grama se bloque\u00f3 en el juego, lo intentaron pero sin \u00e9xito e un partido que se le fue complicando cada vez m\u00e1s.<\/p>\n","protected":false},"excerpt":{"rendered":"<p>EF Matar\u00f3 C 0-2 BENJAM\u00cd A La Grama va guanyar davant el cinqu\u00e8 i aspira a quedar entre els 5 primers. Partit molt disputat on els locals van manar en el primer quart. La Grama poc a poc va comen\u00e7ar a aprofundir per\u00f2 el gol es va resistir. Al minut 40 Alan va avan\u00e7ar als [&hellip;]<\/p>\n","protected":false},"author":1,"featured_media":6099,"comment_status":"closed","ping_status":"closed","sticky":false,"template":"","format":"standard","meta":{"footnotes":""},"categories":[4,11],"tags":[],"class_list":["post-24621","post","type-post","status-publish","format-standard","has-post-thumbnail","hentry","category-base-inclusiu","category-benjamins"],"_links":{"self":[{"href":"http:\/\/fegrama.cat\/web\/wp-json\/wp\/v2\/posts\/24621","targetHints":{"allow":["GET"]}}],"collection":[{"href":"http:\/\/fegrama.cat\/web\/wp-json\/wp\/v2\/posts"}],"about":[{"href":"http:\/\/fegrama.cat\/web\/wp-json\/wp\/v2\/types\/post"}],"author":[{"embeddable":true,"href":"http:\/\/fegrama.cat\/web\/wp-json\/wp\/v2\/users\/1"}],"replies":[{"embeddable":true,"href":"http:\/\/fegrama.cat\/web\/wp-json\/wp\/v2\/comments?post=24621"}],"version-history":[{"count":3,"href":"http:\/\/fegrama.cat\/web\/wp-json\/wp\/v2\/posts\/24621\/revisions"}],"predecessor-version":[{"id":24656,"href":"http:\/\/fegrama.cat\/web\/wp-json\/wp\/v2\/posts\/24621\/revisions\/24656"}],"wp:featuredmedia":[{"embeddable":true,"href":"http:\/\/fegrama.cat\/web\/wp-json\/wp\/v2\/media\/6099"}],"wp:attachment":[{"href":"http:\/\/fegrama.cat\/web\/wp-json\/wp\/v2\/media?parent=24621"}],"wp:term":[{"taxonomy":"category","embeddable":true,"href":"http:\/\/fegrama.cat\/web\/wp-json\/wp\/v2\/categories?post=24621"},{"taxonomy":"post_tag","embeddable":true,"href":"http:\/\/fegrama.cat\/web\/wp-json\/wp\/v2\/tags?post=24621"}],"curies":[{"name":"wp","href":"https:\/\/api.w.org\/{rel}","templated":true}]}}