{"id":24617,"date":"2018-05-27T20:46:19","date_gmt":"2018-05-27T19:46:19","guid":{"rendered":"http:\/\/fegrama.cat\/web\/?p=24617"},"modified":"2018-05-27T20:46:19","modified_gmt":"2018-05-27T19:46:19","slug":"resums-dels-equips-alevins-26-i-27-de-maig","status":"publish","type":"post","link":"http:\/\/fegrama.cat\/web\/resums-dels-equips-alevins-26-i-27-de-maig\/","title":{"rendered":"Resums dels equips Alevins (26 i 27 de maig)"},"content":{"rendered":"<p><strong>ALEV\u00cd A 6-1 UE Castelldefels B<\/strong><\/p>\n<p>Partit completament dominat per la Grama que va tenir un percentatge molt alt de possessi\u00f3. Als quatre minuts Adri\u00e0 va avan\u00e7ar al seu equip. Els colomencs van tenir moltes ocasions de gol. Kevin amb un hat-trick va ampliar l&#8217;avantatge abans del descans (4-0). A la segona meitat Teo i \u00cdker van augmentar a un 6-0. El rival va generar molt poques ocasions per\u00f2 en una d&#8217;elles va marcar el seu \u00fanic gol.<\/p>\n<p>Partido completamente dominado por al Grama que tuvo un porcentaje muy alto de posesi\u00f3n. A los cuatro minutos Adri\u00e0 adelant\u00f3 a su equipo. Los colomenses tuvieron muchas ocasiones de gol. Kevin con un hat-trick ampli\u00f3 la ventaja antes del descanso (4-0). En la segunda mitad Teo e \u00cdker aumentaron a un 6-0. El rival gener\u00f3 muy pocas ocasiones pero en una de ellas marc\u00f3 su \u00fanico gol.<\/p>\n<div>\n<div class=\"clear\">\n<div class=\"clear\">\n<div class=\"clear\">\n<div class=\"clear\">\n<div class=\"clear\">\n<div class=\"clear\">\n<div class=\"clear\">\n<div class=\"clear\">\n<div class=\"clear\">\n<div class=\"clear\">\n<div class=\"clear\">\n<div class=\"clear\">\n<div class=\"divider\">\n<div class=\"clear\">\n<div class=\"clear\">\n<div class=\"divider\">\n<div class=\"divider\">[divider]<\/div>\n<\/div>\n<\/div>\n<\/div>\n<\/div>\n<\/div>\n<\/div>\n<\/div>\n<\/div>\n<\/div>\n<\/div>\n<\/div>\n<\/div>\n<\/div>\n<\/div>\n<\/div>\n<\/div>\n<\/div>\n<p><strong>ALEV\u00cd B 5-7 CF Damm C<\/strong><\/p>\n<p>Partit de bojos, molts gols, moltes ocasioni i molt b\u00e9 els dos equips. La Grama es jugava molt i finalment tot i la derrota van aconseguir la perman\u00e8ncia a Primera Divisi\u00f3 gr\u00e0cies a la derrota de Sistrells, equip que baixa. La Damm sempre va estar per davant en el marcador per\u00f2 la Fundaci\u00f3 no va deixar de lluitar i de creure. Gols de Gerard (2), \u00cdker, Vincent i Jules.<\/p>\n<p>Partido de locos, muchos goles, muchas ocasione y muy bien los dos equipos. La Grama se jugaba mucho y finalmente pese a la derrota consiguieron la permanencia en Primera Divisi\u00f3n gracias a la derrota de Sistrells, equipo que desciende. La Damm siempre estuvo por delante en el marcador pero la Fundaci\u00f3 no dej\u00f3 de luchar y de creer. Goles de Gerard (2), \u00cdker, Vincent y Jules.<\/p>\n<div class=\"clear\">\n<div class=\"clear\">\n<div class=\"divider\">\n<div class=\"clear\">\n<div class=\"clear\">\n<div class=\"clear\">\n<div class=\"clear\">\n<div class=\"clear\">\n<div class=\"clear\">\n<div class=\"clear\">\n<div class=\"clear\">\n<div class=\"clear\">\n<div class=\"clear\">\n<div class=\"clear\">\n<div class=\"clear\">\n<div class=\"divider\">[divider]<\/div>\n<\/div>\n<\/div>\n<\/div>\n<\/div>\n<\/div>\n<\/div>\n<\/div>\n<\/div>\n<\/div>\n<\/div>\n<\/div>\n<\/div>\n<\/div>\n<\/div>\n<\/div>\n<p><strong>ALEV\u00cd C 2-3 CP Sarri\u00e0 C<\/strong><\/p>\n<p>El 0-0 es va mantenir fins al tercer quart quan el conjunt visitant es va avan\u00e7ar en un c\u00f3rner. A remolc els colomencs van aconseguir remuntar amb gols de Xavier i Vincenzo. Seguidament en dos contraatacs el Sarri\u00e0 es va posar de nou per davant. Un partit molt igualat determinat per detalls que van marcar la difer\u00e8ncia i en aquest cas la derrota de la Grama.<\/p>\n<p>El 0-0 se mantuvo hasta el tercer cuarto cuando el conjunto visitante se adelant\u00f3 en un c\u00f3rner. A remolque los colomenses consiguieron remontar con goles de Xavier y Vincenzo. Seguidamente en dos contraataques el Sarri\u00e0 se puso de nuevo por delante.\u00a0Un partido muy igualado determinado por detalles que marcaron la diferencia y en este caso la derrota de la Grama.<\/p>\n<p>[divider]<\/p>\n<p><strong>ALEV\u00cd D 1-6 UE Sant Andreu D<\/strong><\/p>\n<p>Primera meitat molt competida on la Grama va estar lluitant i jugant b\u00e9 arribant al descans 0-1. A la segona meitat dues faltes a la vora de l&#8217;\u00e0rea van posar el marcador en 0-3. La Grama va anar a remolc, van pr\u00e9mer i van retallar dist\u00e0ncies. El 1-4 va fer que els colomencs es vinguessin avall fins encaixar dos gols m\u00e9s. Partit on el resultat no va reflectir el bon joc desplegat pels locals davant d&#8217;un rival molt complicat.<\/p>\n<p>Primera mitad muy competida donde la Grama estuvo luchando y jugando bien llegando al descanso 0-1. En la segunda mitad dos faltas al borde del \u00e1rea pusieron el marcador en 0-3. La Grama fue a remolque, apretaron y recortaron distancias. El 1-4 hizo que los colomenses se vinieran abajo hasta encajar dos goles m\u00e1s. Partido donde el resultado no reflej\u00f3 el buen juego desplegado por los locales delante de un rival muy complicado.<\/p>\n<p>[divider]<\/p>\n<p><strong>CP Sarri\u00e0 D 5-2 ALEV\u00cd E<\/strong><\/p>\n<p>Partit molt disputat i molt igualat on els errors que van cometre els colomencs van ser claus. La Grama va fer un bon partit per\u00f2 algunes errades el van privar de sumar punts.<\/p>\n<p>Partido muy disputado y muy igualado donde los errores que cometieron los colomenses fueron claves. La Grama hizo un buen partido pero algunos fallos le privaron de sumar puntos.<\/p>\n<p>[divider]<\/p>\n<p><strong>FC Sant Mart\u00ed Condal D 2-19 ALEV\u00cd F<\/strong><\/p>\n<p>Partit pl\u00e0cid per a la Grama que va ser la dominadora absoluta del xoc sense deixar fer res al rival. Els colomencs van estar ben posicionats en tot moment, movent la pilota amb criteri i acabant les jugades en equip. Gols:\u00a0Aleix (5), David (4), Derek (3), Unax (2),\u00a0 Iv\u00e1n (2), Blai (2) i Erik.<\/p>\n<p>Partido pl\u00e1cido para la Grama que fue la dominadora absoluta del choque sin dejar hacer nada al rival. Los colomenses estuvieron bien posicionados en todo momento, moviendo el bal\u00f3n con criterio y acabando las jugadas en equipo. Goles: Aleix (5), David (4), Derek (3), Unax (2),\u00a0 Iv\u00e1n (2), Blai (2) y Erik.<\/p>\n","protected":false},"excerpt":{"rendered":"<p>ALEV\u00cd A 6-1 UE Castelldefels B Partit completament dominat per la Grama que va tenir un percentatge molt alt de possessi\u00f3. Als quatre minuts Adri\u00e0 va avan\u00e7ar al seu equip. Els colomencs van tenir moltes ocasions de gol. Kevin amb un hat-trick va ampliar l&#8217;avantatge abans del descans (4-0). A la segona meitat Teo i [&hellip;]<\/p>\n","protected":false},"author":1,"featured_media":9297,"comment_status":"closed","ping_status":"closed","sticky":false,"template":"","format":"standard","meta":{"footnotes":""},"categories":[10,4],"tags":[],"class_list":["post-24617","post","type-post","status-publish","format-standard","has-post-thumbnail","hentry","category-alevins","category-base-inclusiu"],"_links":{"self":[{"href":"http:\/\/fegrama.cat\/web\/wp-json\/wp\/v2\/posts\/24617","targetHints":{"allow":["GET"]}}],"collection":[{"href":"http:\/\/fegrama.cat\/web\/wp-json\/wp\/v2\/posts"}],"about":[{"href":"http:\/\/fegrama.cat\/web\/wp-json\/wp\/v2\/types\/post"}],"author":[{"embeddable":true,"href":"http:\/\/fegrama.cat\/web\/wp-json\/wp\/v2\/users\/1"}],"replies":[{"embeddable":true,"href":"http:\/\/fegrama.cat\/web\/wp-json\/wp\/v2\/comments?post=24617"}],"version-history":[{"count":4,"href":"http:\/\/fegrama.cat\/web\/wp-json\/wp\/v2\/posts\/24617\/revisions"}],"predecessor-version":[{"id":24647,"href":"http:\/\/fegrama.cat\/web\/wp-json\/wp\/v2\/posts\/24617\/revisions\/24647"}],"wp:featuredmedia":[{"embeddable":true,"href":"http:\/\/fegrama.cat\/web\/wp-json\/wp\/v2\/media\/9297"}],"wp:attachment":[{"href":"http:\/\/fegrama.cat\/web\/wp-json\/wp\/v2\/media?parent=24617"}],"wp:term":[{"taxonomy":"category","embeddable":true,"href":"http:\/\/fegrama.cat\/web\/wp-json\/wp\/v2\/categories?post=24617"},{"taxonomy":"post_tag","embeddable":true,"href":"http:\/\/fegrama.cat\/web\/wp-json\/wp\/v2\/tags?post=24617"}],"curies":[{"name":"wp","href":"https:\/\/api.w.org\/{rel}","templated":true}]}}