{"id":24099,"date":"2018-04-23T11:12:10","date_gmt":"2018-04-23T10:12:10","guid":{"rendered":"http:\/\/fegrama.cat\/web\/?p=24099"},"modified":"2018-04-23T11:12:10","modified_gmt":"2018-04-23T10:12:10","slug":"resums-dels-equips-benjamins-21-i-22-dabril","status":"publish","type":"post","link":"http:\/\/fegrama.cat\/web\/resums-dels-equips-benjamins-21-i-22-dabril\/","title":{"rendered":"Resums dels equips Benjamins (21 i 22 d\u2019abril)"},"content":{"rendered":"<p><a href=\"http:\/\/fegrama.cat\/web\/wp-content\/uploads\/2018\/01\/benA.jpeg\"><img loading=\"lazy\" decoding=\"async\" class=\"aligncenter wp-image-22728\" src=\"http:\/\/fegrama.cat\/web\/wp-content\/uploads\/2018\/01\/benA.jpeg\" sizes=\"auto, (max-width: 437px) 100vw, 437px\" srcset=\"http:\/\/fegrama.cat\/web\/wp-content\/uploads\/2018\/01\/benA.jpeg 675w, http:\/\/fegrama.cat\/web\/wp-content\/uploads\/2018\/01\/benA-300x209.jpeg 300w\" alt=\"\" width=\"437\" height=\"305\" \/><\/a><\/p>\n<p><strong>CP Sarri\u00e0 3-1 BENJAM\u00cd A<\/strong><\/p>\n<p>La Grama va donar la cara davant el l\u00edder mereixent molt m\u00e9s. Els colomencs van comen\u00e7ar creant moltes ocasions de gol per\u00f2 va ser el Sarri\u00e0 qui es va posar per davant. Abans del descans arribaria el 2-0. A la segona meitat la Grama va estr\u00e8nyer i va crear moltes ocasions fins que Quique va reduir dist\u00e0ncies. Pr\u00e0cticament dos minuts despr\u00e9s despr\u00e9s d&#8217;una jugada amb molt desafortunada d&#8217;Eric dels locals van sentenciar.<\/p>\n<p>La Grama dio la cara ante el l\u00edder mereciendo mucho m\u00e1s. Los colomenses empezaron creando muchas ocasiones de gol pero fue el Sarri\u00e0 quien se puso por delante. Antes del descanso llegar\u00eda el 2-0. En la segunda mitad la Grama apret\u00f3 y cre\u00f3 muchas ocasiones hasta que Quique redujo distancias.\u00a0Pr\u00e1cticamente dos minutos despu\u00e9s tras una jugada con muy desafortunada de Eric los locales sentenciaron.<\/p>\n<div>\n<div class=\"clear\">\n<div class=\"clear\">\n<div class=\"clear\">\n<div class=\"clear\">\n<div class=\"clear\">\n<div class=\"clear\">\n<div class=\"clear\">\n<div class=\"divider\">\n<div class=\"clear\">\n<div class=\"clear\">\n<div class=\"clear\">\n<div class=\"clear\">\n<div class=\"clear\">[divider]<\/div>\n<\/div>\n<\/div>\n<\/div>\n<\/div>\n<\/div>\n<\/div>\n<\/div>\n<\/div>\n<\/div>\n<\/div>\n<\/div>\n<\/div>\n<\/div>\n<p><strong>BENJAM\u00cd B 1-2 UD Viladecans B<\/strong><\/p>\n<p>La Fundaci\u00f3 va ser la clara dominadora del joc, de principi a fi van tenir la possessi\u00f3 i una infinitat d&#8217;ocasions. A la Grama nom\u00e9s li va faltar punteria, justament l&#8217;\u00fanic que va tenir el seu rival que va xutar 3 vegades i va marcar 2 gols. Hugo va fer l&#8217;\u00fanic gol local.<\/p>\n<div>\n<div class=\"clear\">La Fundaci\u00f3 fue la clara dominadora del juego, de principio a fin tuvieron la posesi\u00f3n y una infinidad de ocasiones. A la Grama solamente le falt\u00f3 punter\u00eda, justamente lo \u00fanico que tuvo su rival que chut\u00f3 3 veces y marc\u00f3 2 goles. Hugo hizo el \u00fanico gol local.<a href=\"http:\/\/fegrama.cat\/web\/wp-content\/uploads\/2018\/01\/benC.jpg\"><img loading=\"lazy\" decoding=\"async\" class=\"aligncenter wp-image-22680\" src=\"http:\/\/fegrama.cat\/web\/wp-content\/uploads\/2018\/01\/benC.jpg\" sizes=\"auto, (max-width: 550px) 100vw, 550px\" srcset=\"http:\/\/fegrama.cat\/web\/wp-content\/uploads\/2018\/01\/benC.jpg 756w, http:\/\/fegrama.cat\/web\/wp-content\/uploads\/2018\/01\/benC-300x208.jpg 300w\" alt=\"\" width=\"550\" height=\"381\" \/><\/a><\/div>\n<\/div>\n<p><strong>BENJAM\u00cd C 5-2 CE L&#8217;Hospitalet D<\/strong><\/p>\n<p>Els colomencs es van trobar al davant un rival molt ordenat, que intentava concedir poques ocasions i sortien r\u00e0pid a la contra. La Grama va haver de remuntar un 0-1 i ho van fer portant el partit seu terreny i dominant a trav\u00e9s de la pilota sent protegonistas en tot moment. Quarta vict\u00f2ria consecutiva de la Grama.<\/p>\n<p>Los colomenses se encontraron delante un rival muy ordenado, que intentaba conceder pocas ocasiones y sal\u00edan r\u00e1pido a la contra. La Grama tuvo que remontar un 0-1 y lo hicieron llevando el partido su terreno y dominando a trav\u00e9s del bal\u00f3n siendo protegonistas en todo momento. Cuarta victoria consecutiva de la Grama.<\/p>\n<div>\n<div class=\"clear\"><a href=\"http:\/\/fegrama.cat\/web\/wp-content\/uploads\/2018\/01\/benD.jpg\"><img loading=\"lazy\" decoding=\"async\" class=\"aligncenter size-full wp-image-22684\" src=\"http:\/\/fegrama.cat\/web\/wp-content\/uploads\/2018\/01\/benD.jpg\" sizes=\"auto, (max-width: 649px) 100vw, 649px\" srcset=\"http:\/\/fegrama.cat\/web\/wp-content\/uploads\/2018\/01\/benD.jpg 649w, http:\/\/fegrama.cat\/web\/wp-content\/uploads\/2018\/01\/benD-300x224.jpg 300w\" alt=\"\" width=\"649\" height=\"484\" \/><\/a><\/div>\n<\/div>\n<p><strong>BENJAM\u00cd D 2-3 UE Sant Andreu D<\/strong><\/p>\n<p>Potser va ser el millor partit de tota la temporada dels de Santa Coloma per\u00f2 va tenir el desenlla\u00e7 m\u00e9s cruel, ja que a falta de 8 minuts el resultat era de 2-1. Va comen\u00e7ar guanyant el Sant Andreu per\u00f2 a tocar del descans Samuel va empatar el partit. Ja en el segon temps Izan va avan\u00e7ar a la Grama, per\u00f2 els visitants van donar la volta a la truita en els minuts finals.<\/p>\n<p>Tal vez fue el mejor partido de toda la temporada de los de Santa Coloma pero tuvo el desenlace m\u00e1s cruel, ya que a falta de 8 minutos el resultado era de 2-1. Empez\u00f3 ganando el Sant Andreu pero al filo del descanso Samuel empat\u00f3 el partido. Ya en el segundo tiempo Izan adelant\u00f3 a la Grama, pero los visitantes dieron la vuelta a la tortilla en los minutos finales.<\/p>\n<div class=\"clear\">\n<div class=\"clear\">\n<div class=\"clear\">\n<div class=\"clear\">\n<div class=\"clear\">\n<div class=\"clear\">\n<div class=\"divider\">\n<div class=\"clear\">\n<div class=\"clear\">[divider]<\/div>\n<\/div>\n<\/div>\n<\/div>\n<\/div>\n<\/div>\n<\/div>\n<\/div>\n<\/div>\n<p><strong>BENJAM\u00cd E 4-2 CF Alzamora E<\/strong><\/p>\n<p>Els colomencs van ser molt superiors al seu rival per\u00f2 sense acabar de conv\u00e8ncer en el seu joc. La Grama va deixar molts espais i van estar desordenats en les pressions que va aprofitar l&#8217;Alzamora per ajustar el resultat.<\/p>\n<p>Los colomenses fueron muy superiores a su rival pero sin acabar de convencer en su juego. La Grama dej\u00f3 muchos espacios y estuvieron desordenados en las presiones lo que aprovech\u00f3 el Alzamora para ajustar el resultado.<\/p>\n<div>\n<div>\n<div class=\"clear\">\n<p><a href=\"http:\/\/fegrama.cat\/web\/wp-content\/uploads\/2018\/01\/benF.jpg\"><img loading=\"lazy\" decoding=\"async\" class=\"aligncenter size-large wp-image-22706\" src=\"http:\/\/fegrama.cat\/web\/wp-content\/uploads\/2018\/01\/benF-1024x768.jpg\" sizes=\"auto, (max-width: 618px) 100vw, 618px\" srcset=\"http:\/\/fegrama.cat\/web\/wp-content\/uploads\/2018\/01\/benF.jpg 1024w, http:\/\/fegrama.cat\/web\/wp-content\/uploads\/2018\/01\/benF-300x225.jpg 300w, http:\/\/fegrama.cat\/web\/wp-content\/uploads\/2018\/01\/benF-768x576.jpg 768w\" alt=\"\" width=\"618\" height=\"464\" \/><\/a><\/p>\n<\/div>\n<\/div>\n<div class=\"clear\"><strong>BENJAM\u00cd F<\/strong><\/div>\n<\/div>\n<p>L\u2019equip dirigit per Jorge Casternado t\u00e9 partit aquest dissabte a les 14:115 hores a Nou Barris davant el CF Monta\u00f1esa G.<\/p>\n<p>El equipo dirigido por Jorge Casternado tiene partido este s\u00e1bado a las 14:15 horas en Nou Barris ante el CF Monta\u00f1esa G.<\/p>\n<div class=\"clear\">\n<div class=\"clear\">\n<div class=\"clear\">\n<div class=\"clear\">\n<div class=\"clear\">\n<div class=\"clear\">\n<div class=\"clear\">\n<div class=\"clear\">\n<div class=\"clear\">\n<div class=\"clear\"><a href=\"http:\/\/fegrama.cat\/web\/wp-content\/uploads\/2018\/04\/torneocanbuxeres2.jpg\"><img loading=\"lazy\" decoding=\"async\" class=\"aligncenter size-large wp-image-23819\" src=\"http:\/\/fegrama.cat\/web\/wp-content\/uploads\/2018\/04\/torneocanbuxeres2-1024x768.jpg\" sizes=\"auto, (max-width: 618px) 100vw, 618px\" srcset=\"http:\/\/fegrama.cat\/web\/wp-content\/uploads\/2018\/04\/torneocanbuxeres2.jpg 1024w, http:\/\/fegrama.cat\/web\/wp-content\/uploads\/2018\/04\/torneocanbuxeres2-300x225.jpg 300w, http:\/\/fegrama.cat\/web\/wp-content\/uploads\/2018\/04\/torneocanbuxeres2-768x576.jpg 768w\" alt=\"\" width=\"618\" height=\"464\" \/><\/a><\/div>\n<\/div>\n<\/div>\n<\/div>\n<\/div>\n<\/div>\n<\/div>\n<\/div>\n<\/div>\n<\/div>\n<p><strong>CF Bufal\u00e0 B 6-3 BENJAM\u00cd G<\/strong><\/p>\n<p>Partit molt igualat, a la mitja part la Grama es marxava als vestidors 4-0 baix per\u00f2 van reaccionar en la segona meitat. Despr\u00e9s del descans els colomencs van lluitar amb m\u00e9s ganes, intensitat i per\u00f2 moltes pilotes no van voler entrar a la porteria.<\/p>\n<p>Partido muy igualado, a la media parte la Grama se marchaba a los vestuarios 4-0 abajo pero reaccionaron en la segunda mitad. Tras el descanso los colomenses lucharon con m\u00e1s ganas, intensidad y pero muchos balones no quisieron entrar en la porter\u00eda.<\/p>\n","protected":false},"excerpt":{"rendered":"<p>CP Sarri\u00e0 3-1 BENJAM\u00cd A La Grama va donar la cara davant el l\u00edder mereixent molt m\u00e9s. Els colomencs van comen\u00e7ar creant moltes ocasions de gol per\u00f2 va ser el Sarri\u00e0 qui es va posar per davant. Abans del descans arribaria el 2-0. A la segona meitat la Grama va estr\u00e8nyer i va crear moltes [&hellip;]<\/p>\n","protected":false},"author":1,"featured_media":5821,"comment_status":"closed","ping_status":"closed","sticky":false,"template":"","format":"standard","meta":{"footnotes":""},"categories":[4,11],"tags":[],"class_list":["post-24099","post","type-post","status-publish","format-standard","has-post-thumbnail","hentry","category-base-inclusiu","category-benjamins"],"_links":{"self":[{"href":"http:\/\/fegrama.cat\/web\/wp-json\/wp\/v2\/posts\/24099","targetHints":{"allow":["GET"]}}],"collection":[{"href":"http:\/\/fegrama.cat\/web\/wp-json\/wp\/v2\/posts"}],"about":[{"href":"http:\/\/fegrama.cat\/web\/wp-json\/wp\/v2\/types\/post"}],"author":[{"embeddable":true,"href":"http:\/\/fegrama.cat\/web\/wp-json\/wp\/v2\/users\/1"}],"replies":[{"embeddable":true,"href":"http:\/\/fegrama.cat\/web\/wp-json\/wp\/v2\/comments?post=24099"}],"version-history":[{"count":4,"href":"http:\/\/fegrama.cat\/web\/wp-json\/wp\/v2\/posts\/24099\/revisions"}],"predecessor-version":[{"id":24146,"href":"http:\/\/fegrama.cat\/web\/wp-json\/wp\/v2\/posts\/24099\/revisions\/24146"}],"wp:featuredmedia":[{"embeddable":true,"href":"http:\/\/fegrama.cat\/web\/wp-json\/wp\/v2\/media\/5821"}],"wp:attachment":[{"href":"http:\/\/fegrama.cat\/web\/wp-json\/wp\/v2\/media?parent=24099"}],"wp:term":[{"taxonomy":"category","embeddable":true,"href":"http:\/\/fegrama.cat\/web\/wp-json\/wp\/v2\/categories?post=24099"},{"taxonomy":"post_tag","embeddable":true,"href":"http:\/\/fegrama.cat\/web\/wp-json\/wp\/v2\/tags?post=24099"}],"curies":[{"name":"wp","href":"https:\/\/api.w.org\/{rel}","templated":true}]}}