{"id":24010,"date":"2018-04-14T22:13:26","date_gmt":"2018-04-14T21:13:26","guid":{"rendered":"http:\/\/fegrama.cat\/web\/?p=24010"},"modified":"2018-04-14T22:19:59","modified_gmt":"2018-04-14T21:19:59","slug":"empat-de-linfantil-c-davant-el-badalona","status":"publish","type":"post","link":"http:\/\/fegrama.cat\/web\/empat-de-linfantil-c-davant-el-badalona\/","title":{"rendered":"Empat de l&#8217;Infantil C davant el Badalona"},"content":{"rendered":"<p>L&#8217;Infantil C va empatar a un gol davant el CF Badalona B al Municipal de Montigal\u00e0.<\/p>\n<p>Partit molt intens pel que significa un derbi, per la situaci\u00f3 en la taula i per la pluja. La Grama va comen\u00e7ar millor, jugant tota la primera meitat al camp contrari per\u00f2 sense crear ocasions de perill. En un contraatac el Badalona es va avan\u00e7ar.<\/p>\n<p>A la segona meitat van ser els locals qui van tenir la possessi\u00f3 en el camp de la Grama per\u00f2 van ser els visitant els que van tenir les ocasions en contraatacs, c\u00f3rners i faltes laterals. En un c\u00f3rner en els darrers minuts va empatar el conjunt colomenes amb gol de Rayn.<\/p>\n<p>[divider]<\/p>\n<p>El Infantil C empat\u00f3 a un gol ante el CF Badalona B en el Municipal de Montigal\u00e0.<\/p>\n<p>Partido muy intenso por lo que significa un derbi, por la situaci\u00f3n en la tabla y por la lluvia. La Grama comenz\u00f3 mejor, jugando toda la primera mitad en el campo contrario pero sin crear ocasiones de peligro. En un contraataque el Badalona se adelant\u00f3.<\/p>\n<p>En la segunda mitad fueron los locales quienes tuvieron la posesi\u00f3n en el campo de la Grama pero fueron los visitante los que tuvieron las ocasiones en contraataques, c\u00f3rners y faltas laterales. En un c\u00f3rner en los \u00faltimos minutos empat\u00f3 el conjunto colomenes con gol de Rayn.<\/p>\n","protected":false},"excerpt":{"rendered":"<p>L&#8217;Infantil C va empatar a un gol davant el CF Badalona B al Municipal de Montigal\u00e0. Partit molt intens pel que significa un derbi, per la situaci\u00f3 en la taula i per la pluja. La Grama va comen\u00e7ar millor, jugant tota la primera meitat al camp contrari per\u00f2 sense crear ocasions de perill. En un [&hellip;]<\/p>\n","protected":false},"author":1,"featured_media":0,"comment_status":"closed","ping_status":"closed","sticky":false,"template":"","format":"standard","meta":{"footnotes":""},"categories":[4,9],"tags":[],"class_list":["post-24010","post","type-post","status-publish","format-standard","hentry","category-base-inclusiu","category-infantils"],"_links":{"self":[{"href":"http:\/\/fegrama.cat\/web\/wp-json\/wp\/v2\/posts\/24010","targetHints":{"allow":["GET"]}}],"collection":[{"href":"http:\/\/fegrama.cat\/web\/wp-json\/wp\/v2\/posts"}],"about":[{"href":"http:\/\/fegrama.cat\/web\/wp-json\/wp\/v2\/types\/post"}],"author":[{"embeddable":true,"href":"http:\/\/fegrama.cat\/web\/wp-json\/wp\/v2\/users\/1"}],"replies":[{"embeddable":true,"href":"http:\/\/fegrama.cat\/web\/wp-json\/wp\/v2\/comments?post=24010"}],"version-history":[{"count":1,"href":"http:\/\/fegrama.cat\/web\/wp-json\/wp\/v2\/posts\/24010\/revisions"}],"predecessor-version":[{"id":24011,"href":"http:\/\/fegrama.cat\/web\/wp-json\/wp\/v2\/posts\/24010\/revisions\/24011"}],"wp:attachment":[{"href":"http:\/\/fegrama.cat\/web\/wp-json\/wp\/v2\/media?parent=24010"}],"wp:term":[{"taxonomy":"category","embeddable":true,"href":"http:\/\/fegrama.cat\/web\/wp-json\/wp\/v2\/categories?post=24010"},{"taxonomy":"post_tag","embeddable":true,"href":"http:\/\/fegrama.cat\/web\/wp-json\/wp\/v2\/tags?post=24010"}],"curies":[{"name":"wp","href":"https:\/\/api.w.org\/{rel}","templated":true}]}}