{"id":23989,"date":"2018-04-13T14:17:11","date_gmt":"2018-04-13T13:17:11","guid":{"rendered":"http:\/\/fegrama.cat\/web\/?p=23989"},"modified":"2018-04-24T10:21:02","modified_gmt":"2018-04-24T09:21:02","slug":"david-garcia-nou-reforc-pel-tram-final","status":"publish","type":"post","link":"http:\/\/fegrama.cat\/web\/david-garcia-nou-reforc-pel-tram-final\/","title":{"rendered":"David Garc\u00eda, nou refor\u00e7 pel tram final"},"content":{"rendered":"<p><strong>David Garc\u00eda G\u00f3mez<\/strong> <em>(04\/09\/1995)<\/em>, anomenat com<strong> \u00abNegro\u00bb<\/strong>, refor\u00e7a el centre del camp de la <strong>FE Grama<\/strong> per al tram final i decisiu de la lliga amb la ment posada en aconseguir el desitjat ascens a Tercera Divisi\u00f3.<\/p>\n<p>David va arribar al <strong>CF Gav\u00e0<\/strong> de Tercera Divisi\u00f3 en aquest mercat hivernal procedent de la FP Hermes on havia actuat de migcampista la temporada anterior a Primera Catalana i mitja de l&#8217;actual a Segona. Anteriorment ja havia estat a Tercera Divisi\u00f3 jugant per a la Monta\u00f1esa.<\/p>\n<p style=\"text-align: center;\"><strong>Benvingut!<\/strong><\/p>\n<figure id=\"attachment_23990\" aria-describedby=\"caption-attachment-23990\" style=\"width: 421px\" class=\"wp-caption aligncenter\"><a href=\"http:\/\/fegrama.cat\/web\/wp-content\/uploads\/2018\/04\/davidnegro.jpg\"><img loading=\"lazy\" decoding=\"async\" class=\"wp-image-23990\" src=\"http:\/\/fegrama.cat\/web\/wp-content\/uploads\/2018\/04\/davidnegro.jpg\" alt=\"\" width=\"421\" height=\"273\" srcset=\"http:\/\/fegrama.cat\/web\/wp-content\/uploads\/2018\/04\/davidnegro.jpg 800w, http:\/\/fegrama.cat\/web\/wp-content\/uploads\/2018\/04\/davidnegro-300x195.jpg 300w, http:\/\/fegrama.cat\/web\/wp-content\/uploads\/2018\/04\/davidnegro-768x498.jpg 768w\" sizes=\"auto, (max-width: 421px) 100vw, 421px\" \/><\/a><figcaption id=\"caption-attachment-23990\" class=\"wp-caption-text\">Foto: CF Gav\u00e0<\/figcaption><\/figure>\n<p><strong>David Garc\u00eda G\u00f3mez<\/strong><em> (04\/09\/1995)<\/em>, apodado como <strong>\u00abNegro\u00bb<\/strong>, refuerza el centro del campo de la <strong>FE Grama<\/strong> para el tramo final y decisivo de la liga con la mente puesta en conseguir el deseado ascenso a Tercera Divisi\u00f3n.<\/p>\n<p>David lleg\u00f3 al <strong>CF Gav\u00e0<\/strong> de Tercera Divisi\u00f3n en este mercado invernal procedente de la FP Hermes donde hab\u00eda actuado de centrocampista la temporada anterior en Primera Catalana y media de la actual en Segunda.\u00a0Anteriormente ya hab\u00eda estado en Tercera Divisi\u00f3n jugando para la Monta\u00f1esa.<\/p>\n<p style=\"text-align: center;\"><strong>\u00a1Bienvenido!<\/strong><\/p>\n","protected":false},"excerpt":{"rendered":"<p>David Garc\u00eda G\u00f3mez (04\/09\/1995), anomenat com \u00abNegro\u00bb, refor\u00e7a el centre del camp de la FE Grama per al tram final i decisiu de la lliga amb la ment posada en aconseguir el desitjat ascens a Tercera Divisi\u00f3. David va arribar al CF Gav\u00e0 de Tercera Divisi\u00f3 en aquest mercat hivernal procedent de la FP Hermes [&hellip;]<\/p>\n","protected":false},"author":1,"featured_media":23990,"comment_status":"closed","ping_status":"closed","sticky":false,"template":"","format":"standard","meta":{"footnotes":""},"categories":[14],"tags":[],"class_list":["post-23989","post","type-post","status-publish","format-standard","has-post-thumbnail","hentry","category-noticies"],"_links":{"self":[{"href":"http:\/\/fegrama.cat\/web\/wp-json\/wp\/v2\/posts\/23989","targetHints":{"allow":["GET"]}}],"collection":[{"href":"http:\/\/fegrama.cat\/web\/wp-json\/wp\/v2\/posts"}],"about":[{"href":"http:\/\/fegrama.cat\/web\/wp-json\/wp\/v2\/types\/post"}],"author":[{"embeddable":true,"href":"http:\/\/fegrama.cat\/web\/wp-json\/wp\/v2\/users\/1"}],"replies":[{"embeddable":true,"href":"http:\/\/fegrama.cat\/web\/wp-json\/wp\/v2\/comments?post=23989"}],"version-history":[{"count":2,"href":"http:\/\/fegrama.cat\/web\/wp-json\/wp\/v2\/posts\/23989\/revisions"}],"predecessor-version":[{"id":23992,"href":"http:\/\/fegrama.cat\/web\/wp-json\/wp\/v2\/posts\/23989\/revisions\/23992"}],"wp:featuredmedia":[{"embeddable":true,"href":"http:\/\/fegrama.cat\/web\/wp-json\/wp\/v2\/media\/23990"}],"wp:attachment":[{"href":"http:\/\/fegrama.cat\/web\/wp-json\/wp\/v2\/media?parent=23989"}],"wp:term":[{"taxonomy":"category","embeddable":true,"href":"http:\/\/fegrama.cat\/web\/wp-json\/wp\/v2\/categories?post=23989"},{"taxonomy":"post_tag","embeddable":true,"href":"http:\/\/fegrama.cat\/web\/wp-json\/wp\/v2\/tags?post=23989"}],"curies":[{"name":"wp","href":"https:\/\/api.w.org\/{rel}","templated":true}]}}