{"id":23978,"date":"2018-04-12T09:12:51","date_gmt":"2018-04-12T08:12:51","guid":{"rendered":"http:\/\/fegrama.cat\/web\/?p=23978"},"modified":"2018-04-12T09:15:37","modified_gmt":"2018-04-12T08:15:37","slug":"revies-dels-equips-de-futbol-sala-13-i-15-dabril","status":"publish","type":"post","link":"http:\/\/fegrama.cat\/web\/revies-dels-equips-de-futbol-sala-13-i-15-dabril\/","title":{"rendered":"Pr\u00e8vies dels equips de Futbol Sala (13 i 15 d\u2019abril)"},"content":{"rendered":"<p><a href=\"http:\/\/fegrama.cat\/web\/wp-content\/uploads\/2017\/12\/futsalgrama1718.jpg\"><img loading=\"lazy\" decoding=\"async\" class=\"aligncenter wp-image-22604\" src=\"http:\/\/fegrama.cat\/web\/wp-content\/uploads\/2017\/12\/futsalgrama1718-1024x576.jpg\" sizes=\"auto, (max-width: 430px) 100vw, 430px\" srcset=\"http:\/\/fegrama.cat\/web\/wp-content\/uploads\/2017\/12\/futsalgrama1718-1024x576.jpg 1024w, http:\/\/fegrama.cat\/web\/wp-content\/uploads\/2017\/12\/futsalgrama1718-300x169.jpg 300w, http:\/\/fegrama.cat\/web\/wp-content\/uploads\/2017\/12\/futsalgrama1718-768x432.jpg 768w, http:\/\/fegrama.cat\/web\/wp-content\/uploads\/2017\/12\/futsalgrama1718.jpg 1328w\" alt=\"\" width=\"430\" height=\"242\" \/><\/a><\/p>\n<p><strong>PRIMER EQUIP<\/strong><\/p>\n<p>El Futsal Grama t\u00e9 aquesta setmana l&#8217;oportunitat de retallar punts al primer classificat. Diumenge a les 19:30 hores jugaran al Pavell\u00f3 Nou davant l&#8217;Isur Font M\u00e0gica FS. Rival molt complicat, el l\u00edder de la lliga amb 9 punts d&#8217;avantatge sobre els colomencs i amb un partit encara pendent de jugar.<\/p>\n<p>El Futsal Grama tiene esta semana la oportunidad de recortar puntos al primer clasificado. El domingo a las 19:30 horas jugar\u00e1n en el Pabell\u00f3n Nuevo ante el Isur Font M\u00e0gica FS. Rival muy complicado, el l\u00edder de la liga con 9 puntos de ventaja sobre los colomenses y con un partido todav\u00eda pendiente de jugar.<\/p>\n<div><a href=\"http:\/\/fegrama.cat\/web\/wp-content\/uploads\/2018\/01\/infAfutsal.jpg\"><img loading=\"lazy\" decoding=\"async\" class=\"aligncenter wp-image-22700\" src=\"http:\/\/fegrama.cat\/web\/wp-content\/uploads\/2018\/01\/infAfutsal.jpg\" sizes=\"auto, (max-width: 476px) 100vw, 476px\" srcset=\"http:\/\/fegrama.cat\/web\/wp-content\/uploads\/2018\/01\/infAfutsal.jpg 800w, http:\/\/fegrama.cat\/web\/wp-content\/uploads\/2018\/01\/infAfutsal-300x225.jpg 300w, http:\/\/fegrama.cat\/web\/wp-content\/uploads\/2018\/01\/infAfutsal-768x576.jpg 768w\" alt=\"\" width=\"476\" height=\"357\" \/><\/a><\/div>\n<div><strong>INFANTIL A<\/strong><\/div>\n<p>L\u2019equip de Pedro A.S\u00e1nchez juga divendres a les 19:30 hores a l&#8217;Escola\u00a0Fray Luis de Le\u00f3n davant l&#8217;Enric Borr\u00e0s.<\/p>\n<p>El equipo de Pedro A.S\u00e1nchez juega el viernes a las 19:30 horas en la Escuela Fray Luis de Le\u00f3n ante el Enric Borr\u00e0s.<\/p>\n<div><a href=\"http:\/\/fegrama.cat\/web\/wp-content\/uploads\/2018\/01\/infBfutsal.jpg\"><img loading=\"lazy\" decoding=\"async\" class=\"aligncenter wp-image-22701\" src=\"http:\/\/fegrama.cat\/web\/wp-content\/uploads\/2018\/01\/infBfutsal.jpg\" sizes=\"auto, (max-width: 423px) 100vw, 423px\" srcset=\"http:\/\/fegrama.cat\/web\/wp-content\/uploads\/2018\/01\/infBfutsal.jpg 752w, http:\/\/fegrama.cat\/web\/wp-content\/uploads\/2018\/01\/infBfutsal-286x300.jpg 286w\" alt=\"\" width=\"423\" height=\"444\" \/><\/a>\u00a0<strong>INFANTIL B<\/strong><\/div>\n<p>L\u2019equip dirigit per Javier Pizarro juga a Santa Coloma el divendres a les 18 hores per enfrontar-se a l&#8217;AEE IES Puig Castellar.<\/p>\n<p>El equipo dirigido por Javier Pizarro juega en Santa Coloma el viernes a las 18 horas para enfrentarse al AEE IES Puig Castellar.<\/p>\n","protected":false},"excerpt":{"rendered":"<p>PRIMER EQUIP El Futsal Grama t\u00e9 aquesta setmana l&#8217;oportunitat de retallar punts al primer classificat. Diumenge a les 19:30 hores jugaran al Pavell\u00f3 Nou davant l&#8217;Isur Font M\u00e0gica FS. Rival molt complicat, el l\u00edder de la lliga amb 9 punts d&#8217;avantatge sobre els colomencs i amb un partit encara pendent de jugar. El Futsal Grama [&hellip;]<\/p>\n","protected":false},"author":1,"featured_media":22015,"comment_status":"closed","ping_status":"closed","sticky":false,"template":"","format":"standard","meta":{"footnotes":""},"categories":[4,1106],"tags":[],"class_list":["post-23978","post","type-post","status-publish","format-standard","has-post-thumbnail","hentry","category-base-inclusiu","category-futbol-sala-2"],"_links":{"self":[{"href":"http:\/\/fegrama.cat\/web\/wp-json\/wp\/v2\/posts\/23978","targetHints":{"allow":["GET"]}}],"collection":[{"href":"http:\/\/fegrama.cat\/web\/wp-json\/wp\/v2\/posts"}],"about":[{"href":"http:\/\/fegrama.cat\/web\/wp-json\/wp\/v2\/types\/post"}],"author":[{"embeddable":true,"href":"http:\/\/fegrama.cat\/web\/wp-json\/wp\/v2\/users\/1"}],"replies":[{"embeddable":true,"href":"http:\/\/fegrama.cat\/web\/wp-json\/wp\/v2\/comments?post=23978"}],"version-history":[{"count":2,"href":"http:\/\/fegrama.cat\/web\/wp-json\/wp\/v2\/posts\/23978\/revisions"}],"predecessor-version":[{"id":23980,"href":"http:\/\/fegrama.cat\/web\/wp-json\/wp\/v2\/posts\/23978\/revisions\/23980"}],"wp:featuredmedia":[{"embeddable":true,"href":"http:\/\/fegrama.cat\/web\/wp-json\/wp\/v2\/media\/22015"}],"wp:attachment":[{"href":"http:\/\/fegrama.cat\/web\/wp-json\/wp\/v2\/media?parent=23978"}],"wp:term":[{"taxonomy":"category","embeddable":true,"href":"http:\/\/fegrama.cat\/web\/wp-json\/wp\/v2\/categories?post=23978"},{"taxonomy":"post_tag","embeddable":true,"href":"http:\/\/fegrama.cat\/web\/wp-json\/wp\/v2\/tags?post=23978"}],"curies":[{"name":"wp","href":"https:\/\/api.w.org\/{rel}","templated":true}]}}