{"id":23971,"date":"2018-04-11T15:06:37","date_gmt":"2018-04-11T14:06:37","guid":{"rendered":"http:\/\/fegrama.cat\/web\/?p=23971"},"modified":"2018-04-13T16:45:18","modified_gmt":"2018-04-13T15:45:18","slug":"previes-dels-equips-cadets-14-i-15-dabril","status":"publish","type":"post","link":"http:\/\/fegrama.cat\/web\/previes-dels-equips-cadets-14-i-15-dabril\/","title":{"rendered":"Pr\u00e8vies dels equips Cadets (14 i 15 d\u2019abril)"},"content":{"rendered":"<p><strong>CADET C<\/strong><\/p>\n<p>Els nois de Cristi\u00e1n Rodr\u00edguez juguen al Municipal de la Grama el dissabte a les 17 hores per a enfrontar-se a la UE Sants B.<\/p>\n<p>Los chicos de Cristi\u00e1n Rodr\u00edguez juegan en el Municipal de la Grama el s\u00e1bado a las 17 horas para enfrentarse a\u00a0la UE Sants B.<\/p>\n<div class=\"clear\">\n<div class=\"clear\">\n<div class=\"clear\">\n<div class=\"clear\">\n<div class=\"clear\">\n<div class=\"clear\">\n<div class=\"clear\">[divider]<\/div>\n<\/div>\n<\/div>\n<\/div>\n<\/div>\n<\/div>\n<\/div>\n<p><strong>CADET D<\/strong><\/p>\n<p>L\u2019equip de Joel Pradenas juga al Municipal Teixonera diumenge a les 12 hores davant la EF Premier Barcelona.<\/p>\n<p>El equipo de Joel Pradenas\u00a0juega en el\u00a0Municipal Teixonera el domingo a las 12 horas ante la EF Premier Barcelona.<\/p>\n<div class=\"clear\">\n<div class=\"clear\">\n<div class=\"clear\">\n<div class=\"clear\">\n<div class=\"clear\">[divider]<\/div>\n<\/div>\n<\/div>\n<\/div>\n<\/div>\n<p><strong>CADET E<\/strong><\/p>\n<p>Els nois de Dani Anguita tenen partit a casa diumenge a las 16 horas ante el CD Sant Gabriel E.<\/p>\n<p>Los chicos de Dani Anguita tienen partido en casa el domingo a las 16 horas ante el CD Sant Gabriel E.<\/p>\n","protected":false},"excerpt":{"rendered":"<p>CADET C Els nois de Cristi\u00e1n Rodr\u00edguez juguen al Municipal de la Grama el dissabte a les 17 hores per a enfrontar-se a la UE Sants B. Los chicos de Cristi\u00e1n Rodr\u00edguez juegan en el Municipal de la Grama el s\u00e1bado a las 17 horas para enfrentarse a\u00a0la UE Sants B. [divider] CADET D L\u2019equip [&hellip;]<\/p>\n","protected":false},"author":1,"featured_media":6220,"comment_status":"closed","ping_status":"closed","sticky":false,"template":"","format":"standard","meta":{"footnotes":""},"categories":[4,7],"tags":[],"class_list":["post-23971","post","type-post","status-publish","format-standard","has-post-thumbnail","hentry","category-base-inclusiu","category-cadets"],"_links":{"self":[{"href":"http:\/\/fegrama.cat\/web\/wp-json\/wp\/v2\/posts\/23971","targetHints":{"allow":["GET"]}}],"collection":[{"href":"http:\/\/fegrama.cat\/web\/wp-json\/wp\/v2\/posts"}],"about":[{"href":"http:\/\/fegrama.cat\/web\/wp-json\/wp\/v2\/types\/post"}],"author":[{"embeddable":true,"href":"http:\/\/fegrama.cat\/web\/wp-json\/wp\/v2\/users\/1"}],"replies":[{"embeddable":true,"href":"http:\/\/fegrama.cat\/web\/wp-json\/wp\/v2\/comments?post=23971"}],"version-history":[{"count":2,"href":"http:\/\/fegrama.cat\/web\/wp-json\/wp\/v2\/posts\/23971\/revisions"}],"predecessor-version":[{"id":23996,"href":"http:\/\/fegrama.cat\/web\/wp-json\/wp\/v2\/posts\/23971\/revisions\/23996"}],"wp:featuredmedia":[{"embeddable":true,"href":"http:\/\/fegrama.cat\/web\/wp-json\/wp\/v2\/media\/6220"}],"wp:attachment":[{"href":"http:\/\/fegrama.cat\/web\/wp-json\/wp\/v2\/media?parent=23971"}],"wp:term":[{"taxonomy":"category","embeddable":true,"href":"http:\/\/fegrama.cat\/web\/wp-json\/wp\/v2\/categories?post=23971"},{"taxonomy":"post_tag","embeddable":true,"href":"http:\/\/fegrama.cat\/web\/wp-json\/wp\/v2\/tags?post=23971"}],"curies":[{"name":"wp","href":"https:\/\/api.w.org\/{rel}","templated":true}]}}