{"id":23928,"date":"2018-04-09T17:53:58","date_gmt":"2018-04-09T16:53:58","guid":{"rendered":"http:\/\/fegrama.cat\/web\/?p=23928"},"modified":"2018-06-03T18:29:30","modified_gmt":"2018-06-03T17:29:30","slug":"exitos-campus-de-setmana-santa","status":"publish","type":"post","link":"http:\/\/fegrama.cat\/web\/exitos-campus-de-setmana-santa\/","title":{"rendered":"Exit\u00f3s Campus de Setmana Santa"},"content":{"rendered":"<p>Uns dies de diversi\u00f3, aprenentatge i millora sobre la gespa del Municipal de la Grama.<\/p>\n<p>El Campus de Setmana Santa va ser tot un \u00e9xit i si el que veieu us agrada&#8230; penseu que aquest estiu tindrem el millor Campus!!!! Mireu, mireu!!!!<\/p>\n<p><iframe loading=\"lazy\" title=\"CAMPUS DE TECNIFICACION DE LA GRAMA\" width=\"580\" height=\"326\" src=\"https:\/\/www.youtube.com\/embed\/2YmberXJqzQ?feature=oembed\" frameborder=\"0\" allow=\"accelerometer; autoplay; clipboard-write; encrypted-media; gyroscope; picture-in-picture; web-share\" referrerpolicy=\"strict-origin-when-cross-origin\" allowfullscreen><\/iframe><\/p>\n<p>Unos d\u00edas de diversi\u00f3n, aprendizaje y mejora sobre el c\u00e9sped del Municipal de la Grama.<\/p>\n<p>El Campus de Semana Santa fue todo un \u00e9xito y si lo que v\u00e9is os gusta&#8230;\u00a1\u00a1\u00a1pensad que este verano tendremos el mejor campus!!! \u00a1\u00a1\u00a1Mirad, mirad!!!<\/p>\n","protected":false},"excerpt":{"rendered":"<p>Uns dies de diversi\u00f3, aprenentatge i millora sobre la gespa del Municipal de la Grama. El Campus de Setmana Santa va ser tot un \u00e9xit i si el que veieu us agrada&#8230; penseu que aquest estiu tindrem el millor Campus!!!! Mireu, mireu!!!! Unos d\u00edas de diversi\u00f3n, aprendizaje y mejora sobre el c\u00e9sped del Municipal de [&hellip;]<\/p>\n","protected":false},"author":1,"featured_media":23929,"comment_status":"closed","ping_status":"closed","sticky":false,"template":"","format":"standard","meta":{"footnotes":""},"categories":[14],"tags":[1193,24,320,1145,130],"class_list":["post-23928","post","type-post","status-publish","format-standard","has-post-thumbnail","hentry","category-noticies","tag-campus-de-semana-santa","tag-fundacio-esportiva-grama","tag-grama","tag-municipal-de-la-grama","tag-santa-coloma-de-gramenet"],"_links":{"self":[{"href":"http:\/\/fegrama.cat\/web\/wp-json\/wp\/v2\/posts\/23928","targetHints":{"allow":["GET"]}}],"collection":[{"href":"http:\/\/fegrama.cat\/web\/wp-json\/wp\/v2\/posts"}],"about":[{"href":"http:\/\/fegrama.cat\/web\/wp-json\/wp\/v2\/types\/post"}],"author":[{"embeddable":true,"href":"http:\/\/fegrama.cat\/web\/wp-json\/wp\/v2\/users\/1"}],"replies":[{"embeddable":true,"href":"http:\/\/fegrama.cat\/web\/wp-json\/wp\/v2\/comments?post=23928"}],"version-history":[{"count":1,"href":"http:\/\/fegrama.cat\/web\/wp-json\/wp\/v2\/posts\/23928\/revisions"}],"predecessor-version":[{"id":23930,"href":"http:\/\/fegrama.cat\/web\/wp-json\/wp\/v2\/posts\/23928\/revisions\/23930"}],"wp:featuredmedia":[{"embeddable":true,"href":"http:\/\/fegrama.cat\/web\/wp-json\/wp\/v2\/media\/23929"}],"wp:attachment":[{"href":"http:\/\/fegrama.cat\/web\/wp-json\/wp\/v2\/media?parent=23928"}],"wp:term":[{"taxonomy":"category","embeddable":true,"href":"http:\/\/fegrama.cat\/web\/wp-json\/wp\/v2\/categories?post=23928"},{"taxonomy":"post_tag","embeddable":true,"href":"http:\/\/fegrama.cat\/web\/wp-json\/wp\/v2\/tags?post=23928"}],"curies":[{"name":"wp","href":"https:\/\/api.w.org\/{rel}","templated":true}]}}