{"id":23916,"date":"2018-04-09T08:44:19","date_gmt":"2018-04-09T07:44:19","guid":{"rendered":"http:\/\/fegrama.cat\/web\/?p=23916"},"modified":"2018-04-09T08:45:49","modified_gmt":"2018-04-09T07:45:49","slug":"derrota-del-juvenil-cadet-b-contra-lespanyol","status":"publish","type":"post","link":"http:\/\/fegrama.cat\/web\/derrota-del-juvenil-cadet-b-contra-lespanyol\/","title":{"rendered":"Derrota del Juvenil-Cadet B contra l&#8217;Espanyol"},"content":{"rendered":"<p>El Juvenil-Cadet B va caure golejat per 1-11 davant el RCD Espanyol.<\/p>\n<p>Les colomencs es van enfrontar al millor equip de la lliga i davant d&#8217;elles van barallar i van aguantar molt b\u00e9 el primer temps. L&#8217;Espanyol va pr\u00e9mer des de l&#8217;inici imposant el seu joc i la seva efectivitat de cara a porta. Bona segona meitat de la Grama en qu\u00e8 van estar molt millor, fins i tot marcant un gol.<\/p>\n<p>Derrota contra un rival molt complicat, una dura lli\u00e7\u00f3 que els fa a les noies sortir m\u00e9s fort i tenir m\u00e9s ganes i optimisme per seguir treballant les seg\u00fcents jornades.<\/p>\n<p><a href=\"http:\/\/fegrama.cat\/web\/wp-content\/uploads\/2017\/12\/juvcadB.jpeg\"><img loading=\"lazy\" decoding=\"async\" class=\" wp-image-22611\" src=\"http:\/\/fegrama.cat\/web\/wp-content\/uploads\/2017\/12\/juvcadB.jpeg\" alt=\"\" width=\"481\" height=\"281\" srcset=\"http:\/\/fegrama.cat\/web\/wp-content\/uploads\/2017\/12\/juvcadB.jpeg 1014w, http:\/\/fegrama.cat\/web\/wp-content\/uploads\/2017\/12\/juvcadB-300x175.jpeg 300w, http:\/\/fegrama.cat\/web\/wp-content\/uploads\/2017\/12\/juvcadB-768x449.jpeg 768w\" sizes=\"auto, (max-width: 481px) 100vw, 481px\" \/><\/a><\/p>\n<p>El Juvenil-Cadete B cay\u00f3 goleado por 1-11 ante el RCD Espanyol.<\/p>\n<p>Las colomenses se enfrentaron al mejor equipo de la liga y ante ellas pelearon y aguantaron muy bien el primer tiempo. El Espanyol apret\u00f3 desde el inicio imponiendo su juego y su efectividad de cara a puerta. Buena segunda mitad de la Grama en la que estuvieron mucho mejor, incluso marcando un gol.<\/p>\n<p>Derrota contra un rival muy complicado, una dura lecci\u00f3n que les hace a las chicas salir m\u00e1s fuerte y tener m\u00e1s ganas y optimismo para seguir trabajando las siguientes jornadas.<\/p>\n","protected":false},"excerpt":{"rendered":"<p>El Juvenil-Cadet B va caure golejat per 1-11 davant el RCD Espanyol. Les colomencs es van enfrontar al millor equip de la lliga i davant d&#8217;elles van barallar i van aguantar molt b\u00e9 el primer temps. L&#8217;Espanyol va pr\u00e9mer des de l&#8217;inici imposant el seu joc i la seva efectivitat de cara a porta. Bona [&hellip;]<\/p>\n","protected":false},"author":1,"featured_media":22611,"comment_status":"closed","ping_status":"closed","sticky":false,"template":"","format":"standard","meta":{"footnotes":""},"categories":[4,13],"tags":[],"class_list":["post-23916","post","type-post","status-publish","format-standard","has-post-thumbnail","hentry","category-base-inclusiu","category-femeni"],"_links":{"self":[{"href":"http:\/\/fegrama.cat\/web\/wp-json\/wp\/v2\/posts\/23916","targetHints":{"allow":["GET"]}}],"collection":[{"href":"http:\/\/fegrama.cat\/web\/wp-json\/wp\/v2\/posts"}],"about":[{"href":"http:\/\/fegrama.cat\/web\/wp-json\/wp\/v2\/types\/post"}],"author":[{"embeddable":true,"href":"http:\/\/fegrama.cat\/web\/wp-json\/wp\/v2\/users\/1"}],"replies":[{"embeddable":true,"href":"http:\/\/fegrama.cat\/web\/wp-json\/wp\/v2\/comments?post=23916"}],"version-history":[{"count":2,"href":"http:\/\/fegrama.cat\/web\/wp-json\/wp\/v2\/posts\/23916\/revisions"}],"predecessor-version":[{"id":23918,"href":"http:\/\/fegrama.cat\/web\/wp-json\/wp\/v2\/posts\/23916\/revisions\/23918"}],"wp:featuredmedia":[{"embeddable":true,"href":"http:\/\/fegrama.cat\/web\/wp-json\/wp\/v2\/media\/22611"}],"wp:attachment":[{"href":"http:\/\/fegrama.cat\/web\/wp-json\/wp\/v2\/media?parent=23916"}],"wp:term":[{"taxonomy":"category","embeddable":true,"href":"http:\/\/fegrama.cat\/web\/wp-json\/wp\/v2\/categories?post=23916"},{"taxonomy":"post_tag","embeddable":true,"href":"http:\/\/fegrama.cat\/web\/wp-json\/wp\/v2\/tags?post=23916"}],"curies":[{"name":"wp","href":"https:\/\/api.w.org\/{rel}","templated":true}]}}