{"id":23898,"date":"2018-04-08T19:24:05","date_gmt":"2018-04-08T18:24:05","guid":{"rendered":"http:\/\/fegrama.cat\/web\/?p=23898"},"modified":"2018-04-08T19:24:05","modified_gmt":"2018-04-08T18:24:05","slug":"linfantil-b-va-caure-davant-el-sarria","status":"publish","type":"post","link":"http:\/\/fegrama.cat\/web\/linfantil-b-va-caure-davant-el-sarria\/","title":{"rendered":"L&#8217;Infantil B va caure davant el Sarri\u00e0"},"content":{"rendered":"<p>L&#8217;Infantil B va caure derrotat 5-2 davant el CP Sarri\u00e0.<\/p>\n<p>Partit dif\u00edcil per a la Grama contra el tercer classificat, i tot i aix\u00ed van ser els blaus els que es van posar per davant en el marcador. Abans del descans el Sarri\u00e0 remuntaria arribant a la meitat del partit 2-1. A la segona part m\u00e9s del mateix, els colomencs van dominar i van empatar.<\/p>\n<p>La reacci\u00f3 del conjunt local deixo sense opcions a la Grama.<\/p>\n<p><a href=\"http:\/\/fegrama.cat\/web\/wp-content\/uploads\/2017\/12\/infantil-B.jpg\"><img loading=\"lazy\" decoding=\"async\" class=\"aligncenter size-large wp-image-22591\" src=\"http:\/\/fegrama.cat\/web\/wp-content\/uploads\/2017\/12\/infantil-B-1024x768.jpg\" alt=\"\" width=\"618\" height=\"464\" srcset=\"http:\/\/fegrama.cat\/web\/wp-content\/uploads\/2017\/12\/infantil-B-1024x768.jpg 1024w, http:\/\/fegrama.cat\/web\/wp-content\/uploads\/2017\/12\/infantil-B-300x225.jpg 300w, http:\/\/fegrama.cat\/web\/wp-content\/uploads\/2017\/12\/infantil-B-768x576.jpg 768w, http:\/\/fegrama.cat\/web\/wp-content\/uploads\/2017\/12\/infantil-B.jpg 1600w\" sizes=\"auto, (max-width: 618px) 100vw, 618px\" \/><\/a><\/p>\n<p>El Infantil B cay\u00f3 derrotado 5-2 ante el CP Sarri\u00e0.<\/p>\n<p>Partido dif\u00edcil para la Grama contra el tercer clasificado, y a\u00fan as\u00ed fueron los azules quienes se pusieron por delante en el marcador. Antes del descanso el Sarri\u00e0 remontar\u00eda llegando a la mitad del partido 2-1. En la segunda parte m\u00e1s de lo mismo, los colomenses dominaron y empataron.<\/p>\n<p>La reacci\u00f3n del conjunto local dejo sin opciones a la Grama.<\/p>\n","protected":false},"excerpt":{"rendered":"<p>L&#8217;Infantil B va caure derrotat 5-2 davant el CP Sarri\u00e0. Partit dif\u00edcil per a la Grama contra el tercer classificat, i tot i aix\u00ed van ser els blaus els que es van posar per davant en el marcador. Abans del descans el Sarri\u00e0 remuntaria arribant a la meitat del partit 2-1. A la segona part [&hellip;]<\/p>\n","protected":false},"author":1,"featured_media":22591,"comment_status":"closed","ping_status":"closed","sticky":false,"template":"","format":"standard","meta":{"footnotes":""},"categories":[4,9],"tags":[],"class_list":["post-23898","post","type-post","status-publish","format-standard","has-post-thumbnail","hentry","category-base-inclusiu","category-infantils"],"_links":{"self":[{"href":"http:\/\/fegrama.cat\/web\/wp-json\/wp\/v2\/posts\/23898","targetHints":{"allow":["GET"]}}],"collection":[{"href":"http:\/\/fegrama.cat\/web\/wp-json\/wp\/v2\/posts"}],"about":[{"href":"http:\/\/fegrama.cat\/web\/wp-json\/wp\/v2\/types\/post"}],"author":[{"embeddable":true,"href":"http:\/\/fegrama.cat\/web\/wp-json\/wp\/v2\/users\/1"}],"replies":[{"embeddable":true,"href":"http:\/\/fegrama.cat\/web\/wp-json\/wp\/v2\/comments?post=23898"}],"version-history":[{"count":1,"href":"http:\/\/fegrama.cat\/web\/wp-json\/wp\/v2\/posts\/23898\/revisions"}],"predecessor-version":[{"id":23900,"href":"http:\/\/fegrama.cat\/web\/wp-json\/wp\/v2\/posts\/23898\/revisions\/23900"}],"wp:featuredmedia":[{"embeddable":true,"href":"http:\/\/fegrama.cat\/web\/wp-json\/wp\/v2\/media\/22591"}],"wp:attachment":[{"href":"http:\/\/fegrama.cat\/web\/wp-json\/wp\/v2\/media?parent=23898"}],"wp:term":[{"taxonomy":"category","embeddable":true,"href":"http:\/\/fegrama.cat\/web\/wp-json\/wp\/v2\/categories?post=23898"},{"taxonomy":"post_tag","embeddable":true,"href":"http:\/\/fegrama.cat\/web\/wp-json\/wp\/v2\/tags?post=23898"}],"curies":[{"name":"wp","href":"https:\/\/api.w.org\/{rel}","templated":true}]}}