{"id":23892,"date":"2018-04-08T19:09:52","date_gmt":"2018-04-08T18:09:52","guid":{"rendered":"http:\/\/fegrama.cat\/web\/?p=23892"},"modified":"2018-04-08T19:09:52","modified_gmt":"2018-04-08T18:09:52","slug":"victoria-de-linfantil-e-a-mataro","status":"publish","type":"post","link":"http:\/\/fegrama.cat\/web\/victoria-de-linfantil-e-a-mataro\/","title":{"rendered":"Vict\u00f2ria de l&#8217;Infantil E a Matar\u00f3"},"content":{"rendered":"<p>L&#8217;InfantilE va aconseguir tres punts en imposar 1-2 davant l&#8217;AD La Llantia.<\/p>\n<p>Partit molt dominat pels colomencs, una gran primera meitat els va portar a posar-se 0-2 gr\u00e0cies als gols de Youssef i Jon. A la segona meitat la Grama es va relaxar i en l&#8217;\u00fanica arribada dels de Matar\u00f3 i despr\u00e9s d&#8217;una distracci\u00f3 arribaria el 1-2.<\/p>\n<p>Quedaven tres minuts m\u00e9s l&#8217;afegit per al final per\u00f2 la Grama no va patir per endur-se la vict\u00f2ria.<\/p>\n<p>[divider]<\/p>\n<p>El Infantil E consigui\u00f3 tres puntos al imponerse 1-2 ante la AD La Llantia.<\/p>\n<p>Partido muy dominado por los colomenses, una gran primera mitad les llev\u00f3 a ponerse 0-2 gracias a los goles de Youssef y Jon. En la segunda mitad la Grama se relaj\u00f3 y en la \u00fanica llegada de los de Matar\u00f3 y tras una distracci\u00f3n llegar\u00eda el 1-2.<\/p>\n<p>Quedaban tres minutos m\u00e1s el a\u00f1adido para el final pero la Grama no sufri\u00f3 para llevarse la victoria.<\/p>\n","protected":false},"excerpt":{"rendered":"<p>L&#8217;InfantilE va aconseguir tres punts en imposar 1-2 davant l&#8217;AD La Llantia. Partit molt dominat pels colomencs, una gran primera meitat els va portar a posar-se 0-2 gr\u00e0cies als gols de Youssef i Jon. A la segona meitat la Grama es va relaxar i en l&#8217;\u00fanica arribada dels de Matar\u00f3 i despr\u00e9s d&#8217;una distracci\u00f3 arribaria [&hellip;]<\/p>\n","protected":false},"author":1,"featured_media":7118,"comment_status":"closed","ping_status":"closed","sticky":false,"template":"","format":"standard","meta":{"footnotes":""},"categories":[4,9],"tags":[],"class_list":["post-23892","post","type-post","status-publish","format-standard","has-post-thumbnail","hentry","category-base-inclusiu","category-infantils"],"_links":{"self":[{"href":"http:\/\/fegrama.cat\/web\/wp-json\/wp\/v2\/posts\/23892","targetHints":{"allow":["GET"]}}],"collection":[{"href":"http:\/\/fegrama.cat\/web\/wp-json\/wp\/v2\/posts"}],"about":[{"href":"http:\/\/fegrama.cat\/web\/wp-json\/wp\/v2\/types\/post"}],"author":[{"embeddable":true,"href":"http:\/\/fegrama.cat\/web\/wp-json\/wp\/v2\/users\/1"}],"replies":[{"embeddable":true,"href":"http:\/\/fegrama.cat\/web\/wp-json\/wp\/v2\/comments?post=23892"}],"version-history":[{"count":1,"href":"http:\/\/fegrama.cat\/web\/wp-json\/wp\/v2\/posts\/23892\/revisions"}],"predecessor-version":[{"id":23893,"href":"http:\/\/fegrama.cat\/web\/wp-json\/wp\/v2\/posts\/23892\/revisions\/23893"}],"wp:featuredmedia":[{"embeddable":true,"href":"http:\/\/fegrama.cat\/web\/wp-json\/wp\/v2\/media\/7118"}],"wp:attachment":[{"href":"http:\/\/fegrama.cat\/web\/wp-json\/wp\/v2\/media?parent=23892"}],"wp:term":[{"taxonomy":"category","embeddable":true,"href":"http:\/\/fegrama.cat\/web\/wp-json\/wp\/v2\/categories?post=23892"},{"taxonomy":"post_tag","embeddable":true,"href":"http:\/\/fegrama.cat\/web\/wp-json\/wp\/v2\/tags?post=23892"}],"curies":[{"name":"wp","href":"https:\/\/api.w.org\/{rel}","templated":true}]}}