{"id":23889,"date":"2018-04-09T09:52:12","date_gmt":"2018-04-09T08:52:12","guid":{"rendered":"http:\/\/fegrama.cat\/web\/?p=23889"},"modified":"2018-04-09T09:52:12","modified_gmt":"2018-04-09T08:52:12","slug":"resums-dels-equips-benjamins-7-i-8-dabril","status":"publish","type":"post","link":"http:\/\/fegrama.cat\/web\/resums-dels-equips-benjamins-7-i-8-dabril\/","title":{"rendered":"Resums dels equips Benjamins (7 i 8 d\u2019abril)"},"content":{"rendered":"<p><a href=\"http:\/\/fegrama.cat\/web\/wp-content\/uploads\/2018\/01\/benA.jpeg\"><img loading=\"lazy\" decoding=\"async\" class=\"aligncenter wp-image-22728\" src=\"http:\/\/fegrama.cat\/web\/wp-content\/uploads\/2018\/01\/benA.jpeg\" sizes=\"auto, (max-width: 437px) 100vw, 437px\" srcset=\"http:\/\/fegrama.cat\/web\/wp-content\/uploads\/2018\/01\/benA.jpeg 675w, http:\/\/fegrama.cat\/web\/wp-content\/uploads\/2018\/01\/benA-300x209.jpeg 300w\" alt=\"\" width=\"437\" height=\"305\" \/><\/a><\/p>\n<p><strong>FC Martinenc 1-3 BENJAM\u00cd A<\/strong><\/p>\n<p>El partit va comen\u00e7ar amb domini absolut de la Grama i amb gol de Miguel al minut 8, avan\u00e7ant al seu equip amb una gran vaselina al porter. En un c\u00f3rner despr\u00e9s d&#8217;una centrada d&#8217;Omar el Martinenc es marcaria en pr\u00f2pia porta, amb 0-2 s&#8217;arribaria al descans. Segona meitat molt disputada, els locals van escur\u00e7ar dist\u00e0ncies i a la jugada seg\u00fcent Miguel faria el definitiu 1-3.<\/p>\n<p>El partido empez\u00f3 con dominio absoluto de la Grama y con gol de Miguel en el minuto 8, adelantando a su equipo con una gran vaselina al portero. En un c\u00f3rner tras un centro de Omar el Martinenc se marcar\u00eda en propia puerta, con 0-2 se llegar\u00eda al descanso. Segunda mitad muy disputada, los locales acortaron distancias y a la jugada siguiente Miguel har\u00eda el definitivo 1-3.<\/p>\n<div>\n<div class=\"clear\">\n<div class=\"clear\">\n<div class=\"clear\">\n<div class=\"clear\">\n<div class=\"clear\">\n<div class=\"clear\">\n<div class=\"clear\">\n<div class=\"divider\">\n<div class=\"clear\">\n<div class=\"clear\">\n<div class=\"clear\">[divider]<\/div>\n<\/div>\n<\/div>\n<\/div>\n<\/div>\n<\/div>\n<\/div>\n<\/div>\n<\/div>\n<\/div>\n<\/div>\n<\/div>\n<p><strong>FC Barcelona D 15-1 BENJAM\u00cd B<\/strong><\/p>\n<p>Partit molt disputat al Joan Gamper on els colomencs van fer una gran primera meitat. Es va avan\u00e7ar la Grama i abans del descans els blaugranes van capgirar el marcador. El gran encert dels locals va marcar la difer\u00e8ncia.<\/p>\n<div>\n<div class=\"clear\">Partido muy disputado en el Joan Gamper donde los colomenses hicieron una gran primera mitad. Se adelant\u00f3 la Grama y antes del descanso los azulgranas le dieron la vuelta al marcador. El gran acierto de los locales marc\u00f3 la diferencia.<br \/>\n<a href=\"http:\/\/fegrama.cat\/web\/wp-content\/uploads\/2018\/01\/benC.jpg\"><img loading=\"lazy\" decoding=\"async\" class=\"aligncenter wp-image-22680\" src=\"http:\/\/fegrama.cat\/web\/wp-content\/uploads\/2018\/01\/benC.jpg\" sizes=\"auto, (max-width: 550px) 100vw, 550px\" srcset=\"http:\/\/fegrama.cat\/web\/wp-content\/uploads\/2018\/01\/benC.jpg 756w, http:\/\/fegrama.cat\/web\/wp-content\/uploads\/2018\/01\/benC-300x208.jpg 300w\" alt=\"\" width=\"550\" height=\"381\" \/><\/a><\/div>\n<\/div>\n<p><strong>Tecnofutbol B 0-4 BENJAM\u00cd C<\/strong><\/p>\n<p>L&#8217;evoluci\u00f3 de l&#8217;equip va a m\u00e9s com es va demostrar davant d&#8217;un bon rival. Els colomencs van fer un gran treball i van aconseguir resoldre les dificultats que els projectava el rival. Sergio amb un doblet, \u00cdker i Gerard van marcar els gols de la Grama.<\/p>\n<p>La evoluci\u00f3n del equipo va a m\u00e1s como se demostr\u00f3 ante un buen rival. Los colomenses hicieron un gran trabajo y consiguieron resolver las dificultades que les proyectaba el rival. Sergio con un doblete, \u00cdker y Gerard marcaron los goles de la Grama.<\/p>\n<div>\n<div class=\"clear\"><a href=\"http:\/\/fegrama.cat\/web\/wp-content\/uploads\/2018\/01\/benD.jpg\"><img loading=\"lazy\" decoding=\"async\" class=\"aligncenter size-full wp-image-22684\" src=\"http:\/\/fegrama.cat\/web\/wp-content\/uploads\/2018\/01\/benD.jpg\" sizes=\"auto, (max-width: 649px) 100vw, 649px\" srcset=\"http:\/\/fegrama.cat\/web\/wp-content\/uploads\/2018\/01\/benD.jpg 649w, http:\/\/fegrama.cat\/web\/wp-content\/uploads\/2018\/01\/benD-300x224.jpg 300w\" alt=\"\" width=\"649\" height=\"484\" \/><\/a><\/div>\n<\/div>\n<p><strong>BENJAM\u00cd D 5-8\u00a0Escola CF Performance B<\/strong><\/p>\n<p>El partit va comen\u00e7ar amb un mal primer quart que va decantar aviat la balan\u00e7a cap al costat visitant. Despr\u00e9s d&#8217;un 0-5 la Grama va millorar i va saber competir, estrenyent al seu rival i lluitant en tot moment fent un bon joc. Samuel amb un hat-trick i Eric amb un doblet van marcar els gols.<\/p>\n<p>El partido empez\u00f3 con un mal primer cuarto que decant\u00f3 pronto la balanza hac\u00eda el lado visitante. Tras un 0-5 la Grama mejor\u00f3 y supo competir, apretando a su rival y luchando en todo momento haciendo un buen juego. Samuel con un hat-trick y Eric con un doblete marcaron los goles.<\/p>\n<div class=\"clear\">\n<div class=\"clear\">\n<div class=\"clear\">\n<div class=\"clear\">\n<div class=\"clear\">\n<div class=\"clear\">\n<div class=\"clear\">[divider]<\/div>\n<\/div>\n<\/div>\n<\/div>\n<\/div>\n<\/div>\n<\/div>\n<p><strong>BENJAM\u00cd E 2-12 CF Singuerl\u00edn C<\/strong><\/p>\n<p>Els franjiverdes van imposar la seva llei des de l&#8217;inici, van demostrar ser millors davant d&#8217;una Grama que ho va intentar per\u00f2 no va tenir el seu dia. Els gols blaus van ser de Rayan i Maikel.<\/p>\n<p>Los franjiverdes impusieron su ley desde el inicio, demostraron ser mejores ante una Grama que lo intent\u00f3 pero no tuvo su d\u00eda. Los goles azules fueron de Rayan y Maikel.<\/p>\n<div>\n<div>\n<div class=\"clear\">\n<p><a href=\"http:\/\/fegrama.cat\/web\/wp-content\/uploads\/2018\/01\/benF.jpg\"><img loading=\"lazy\" decoding=\"async\" class=\"aligncenter size-large wp-image-22706\" src=\"http:\/\/fegrama.cat\/web\/wp-content\/uploads\/2018\/01\/benF-1024x768.jpg\" sizes=\"auto, (max-width: 618px) 100vw, 618px\" srcset=\"http:\/\/fegrama.cat\/web\/wp-content\/uploads\/2018\/01\/benF.jpg 1024w, http:\/\/fegrama.cat\/web\/wp-content\/uploads\/2018\/01\/benF-300x225.jpg 300w, http:\/\/fegrama.cat\/web\/wp-content\/uploads\/2018\/01\/benF-768x576.jpg 768w\" alt=\"\" width=\"618\" height=\"464\" \/><\/a><\/p>\n<div class=\"clear\"><\/div>\n<\/div>\n<\/div>\n<div class=\"clear\"><strong>CF Alzamora D 2-6 BENJAM\u00cd F<\/strong><\/div>\n<\/div>\n<p>Primera part on els colomencs van estar una mica espessos en el joc i sense acabar de definir tot el que generaven. Es va arribar al descans amb un ajustat 1-2. Gran segona meitat de la Grama on van fer molt bones jugades i van ser molt efectius posant-1-5, sentenciant el partit i deixant l&#8217;\u00faltim quart de pur tr\u00e0mit.<\/p>\n<p>Primera parte donde los colomenses estuvieron un poco espesos en el juego y sin acabar de definir todo lo que generaban. Se lleg\u00f3 al descanso con un ajustado 1-2. Gran segunda mitad de la Grama donde hicieron muy buenas jugadas y fueron muy efectivos poni\u00e9ndose 1-5, sentenciando el partido y dejando el \u00faltimo cuarto de puro tr\u00e1mite.<\/p>\n<div class=\"clear\">\n<div class=\"clear\">\n<div class=\"clear\">\n<div class=\"clear\">\n<div class=\"clear\">\n<div class=\"clear\">\n<div class=\"clear\">\n<div class=\"clear\">\n<div class=\"clear\">\n<div class=\"clear\"><a href=\"http:\/\/fegrama.cat\/web\/wp-content\/uploads\/2018\/04\/torneocanbuxeres2.jpg\"><img loading=\"lazy\" decoding=\"async\" class=\"aligncenter size-large wp-image-23819\" src=\"http:\/\/fegrama.cat\/web\/wp-content\/uploads\/2018\/04\/torneocanbuxeres2-1024x768.jpg\" sizes=\"auto, (max-width: 618px) 100vw, 618px\" srcset=\"http:\/\/fegrama.cat\/web\/wp-content\/uploads\/2018\/04\/torneocanbuxeres2.jpg 1024w, http:\/\/fegrama.cat\/web\/wp-content\/uploads\/2018\/04\/torneocanbuxeres2-300x225.jpg 300w, http:\/\/fegrama.cat\/web\/wp-content\/uploads\/2018\/04\/torneocanbuxeres2-768x576.jpg 768w\" alt=\"\" width=\"618\" height=\"464\" \/><\/a><\/div>\n<\/div>\n<\/div>\n<\/div>\n<\/div>\n<\/div>\n<\/div>\n<\/div>\n<\/div>\n<\/div>\n<p><strong>Vila Ol\u00edmpica H 11-1 BENJAM\u00cd G<\/strong><\/p>\n<p>Els colomencs no van poder davant el poder d&#8217;un rival que lluita per guanyar la lliga. Un gol en pr\u00f2pia en comen\u00e7ar va decantar la balan\u00e7a del costat local. Eric Velez va fer l&#8217;\u00fanic gol de la Grama.<\/p>\n<p>Los colomenses no pudieron ante el poder\u00edo de un rival que lucha por ganar la liga. Un gol en propia al empezar decant\u00f3 la balanza del lado local. Eric Velez hizo el \u00fanico gol de la Grama.<\/p>\n<p>&nbsp;<\/p>\n","protected":false},"excerpt":{"rendered":"<p>FC Martinenc 1-3 BENJAM\u00cd A El partit va comen\u00e7ar amb domini absolut de la Grama i amb gol de Miguel al minut 8, avan\u00e7ant al seu equip amb una gran vaselina al porter. En un c\u00f3rner despr\u00e9s d&#8217;una centrada d&#8217;Omar el Martinenc es marcaria en pr\u00f2pia porta, amb 0-2 s&#8217;arribaria al descans. Segona meitat molt [&hellip;]<\/p>\n","protected":false},"author":1,"featured_media":10727,"comment_status":"closed","ping_status":"closed","sticky":false,"template":"","format":"standard","meta":{"footnotes":""},"categories":[4,11],"tags":[],"class_list":["post-23889","post","type-post","status-publish","format-standard","has-post-thumbnail","hentry","category-base-inclusiu","category-benjamins"],"_links":{"self":[{"href":"http:\/\/fegrama.cat\/web\/wp-json\/wp\/v2\/posts\/23889","targetHints":{"allow":["GET"]}}],"collection":[{"href":"http:\/\/fegrama.cat\/web\/wp-json\/wp\/v2\/posts"}],"about":[{"href":"http:\/\/fegrama.cat\/web\/wp-json\/wp\/v2\/types\/post"}],"author":[{"embeddable":true,"href":"http:\/\/fegrama.cat\/web\/wp-json\/wp\/v2\/users\/1"}],"replies":[{"embeddable":true,"href":"http:\/\/fegrama.cat\/web\/wp-json\/wp\/v2\/comments?post=23889"}],"version-history":[{"count":2,"href":"http:\/\/fegrama.cat\/web\/wp-json\/wp\/v2\/posts\/23889\/revisions"}],"predecessor-version":[{"id":23919,"href":"http:\/\/fegrama.cat\/web\/wp-json\/wp\/v2\/posts\/23889\/revisions\/23919"}],"wp:featuredmedia":[{"embeddable":true,"href":"http:\/\/fegrama.cat\/web\/wp-json\/wp\/v2\/media\/10727"}],"wp:attachment":[{"href":"http:\/\/fegrama.cat\/web\/wp-json\/wp\/v2\/media?parent=23889"}],"wp:term":[{"taxonomy":"category","embeddable":true,"href":"http:\/\/fegrama.cat\/web\/wp-json\/wp\/v2\/categories?post=23889"},{"taxonomy":"post_tag","embeddable":true,"href":"http:\/\/fegrama.cat\/web\/wp-json\/wp\/v2\/tags?post=23889"}],"curies":[{"name":"wp","href":"https:\/\/api.w.org\/{rel}","templated":true}]}}