{"id":23866,"date":"2018-04-08T19:21:03","date_gmt":"2018-04-08T18:21:03","guid":{"rendered":"http:\/\/fegrama.cat\/web\/?p=23866"},"modified":"2018-04-08T19:21:03","modified_gmt":"2018-04-08T18:21:03","slug":"resums-dels-equips-prebenjamins-7-i-8-dabril","status":"publish","type":"post","link":"http:\/\/fegrama.cat\/web\/resums-dels-equips-prebenjamins-7-i-8-dabril\/","title":{"rendered":"Resums dels equips Prebenjamins (7 i 8 d\u2019abril)"},"content":{"rendered":"<p><a href=\"http:\/\/fegrama.cat\/web\/wp-content\/uploads\/2018\/02\/prebA.jpeg\"><img loading=\"lazy\" decoding=\"async\" class=\"aligncenter wp-image-23191\" src=\"http:\/\/fegrama.cat\/web\/wp-content\/uploads\/2018\/02\/prebA.jpeg\" sizes=\"auto, (max-width: 459px) 100vw, 459px\" srcset=\"http:\/\/fegrama.cat\/web\/wp-content\/uploads\/2018\/02\/prebA.jpeg 831w, http:\/\/fegrama.cat\/web\/wp-content\/uploads\/2018\/02\/prebA-300x249.jpeg 300w, http:\/\/fegrama.cat\/web\/wp-content\/uploads\/2018\/02\/prebA-768x639.jpeg 768w\" alt=\"\" width=\"459\" height=\"382\" \/><\/a><\/p>\n<p><strong>PREBENJAM\u00cd A 3-4 CF Unificaci\u00f3n Llefi\u00e0<\/strong><\/p>\n<p>Els colomencs es van avan\u00e7ar amb dos gols i en el segon quart el domini es va dissipar i la Llefi\u00e0 va empatar. La Grama va afluixar molt en el tercer quart i aix\u00f2 els va costar encaixar dos gols. En l&#8217;\u00faltim quart els locals van fer un gran joc, van anar a pel partit per\u00f2 nom\u00e9s els va donar temps a marcar un gol.<\/p>\n<p>Los colomenses se adelantaron con dos goles y en el segundo cuarto el dominio se disip\u00f3 y la Llefi\u00e0 empat\u00f3. La Grama afloj\u00f3 mucho en el tercer cuarto y eso les cost\u00f3 encajar dos goles. En el \u00faltimo cuarto los locales hicieron un gran juego, fueron a por el partido pero solamente les dio tiempo a marcar un gol.<\/p>\n<div>\n<div class=\"clear\">\n<div class=\"clear\">\n<div class=\"clear\">\n<div class=\"clear\">\n<div class=\"clear\">\n<div class=\"clear\"><a href=\"http:\/\/fegrama.cat\/web\/wp-content\/uploads\/2018\/01\/prebB.jpeg\"><img loading=\"lazy\" decoding=\"async\" class=\"aligncenter wp-image-22980\" src=\"http:\/\/fegrama.cat\/web\/wp-content\/uploads\/2018\/01\/prebB.jpeg\" sizes=\"auto, (max-width: 398px) 100vw, 398px\" srcset=\"http:\/\/fegrama.cat\/web\/wp-content\/uploads\/2018\/01\/prebB.jpeg 611w, http:\/\/fegrama.cat\/web\/wp-content\/uploads\/2018\/01\/prebB-300x224.jpeg 300w\" alt=\"\" width=\"398\" height=\"298\" \/><\/a><\/div>\n<\/div>\n<\/div>\n<\/div>\n<\/div>\n<\/div>\n<\/div>\n<p><strong>EE Brada 7-2 PREBENJAM\u00cd B<\/strong><\/p>\n<p>Resultat engany\u00f3s que res va tenir a veure amb el resultat. Partit en el qual la Grama va comen\u00e7ar perdent des del minut 1, els locals es van posar molt aviat 3-0. A partir d&#8217;aqu\u00ed els jugadors van treure el millor de si i es van posar 3-2. Els colomencs van buscar l&#8217;empat amb tot per\u00f2 estigui es va resistir i quan faltaven 4 minuts per acabar van arribar els gols locals de la sent\u00e8ncia.<\/p>\n<p>Resultado enga\u00f1oso que nada tuvo que ver con el resultado. Partido en el cual la Grama empez\u00f3 perdiendo desde el minuto 1, los locales se pusieron muy pronto 3-0. A partir de ah\u00ed los jugadores sacaron lo mejor de si y se pusieron 3-2. Los colomenses buscaron el empate con todo pero est\u00e9 se resisti\u00f3 y cuando faltaban 4 minutos para acabar llegaron los goles locales de la sentencia.<\/p>\n<div class=\"clear\">\n<div class=\"clear\">\n<div class=\"clear\">\n<div class=\"clear\">\n<div class=\"divider\">\n<div class=\"clear\">\n<div class=\"clear\">\n<div class=\"clear\">[divider]<\/div>\n<\/div>\n<\/div>\n<\/div>\n<\/div>\n<\/div>\n<\/div>\n<\/div>\n<p><strong>UE Sants B 5-2 PREBENJAM\u00cd C<\/strong><\/p>\n<p>Gran partit de la Grama tot i el resultat final. Primers dos quarts molt bons dels visitants marxant al descans amb vict\u00f2ria per 0-1. A la segona meitat el Sants, equip de segon any i l\u00edder de la lliga, va imposar la seva condici\u00f3 de favorit davant d&#8217;una Grama que va donar la cara.<\/p>\n<p>Gran partido de la Grama pese al resultado final. Primeros dos cuartos muy buenos de los visitantes marchando al descanso con victoria por 0-1. En la segunda mitad el Sants, equipo de segundo a\u00f1o y l\u00edder de la liga, impuso su condici\u00f3n de favorito ante una Grama que dio la cara.<\/p>\n<div>\n<div class=\"clear\">\n<div class=\"clear\">\n<div class=\"clear\">\n<div class=\"clear\">\n<div class=\"clear\">\n<div class=\"clear\">\n<div>\n<div class=\"clear\">\n<div class=\"clear\">\n<div class=\"clear\">\n<div class=\"clear\">[divider]<\/div>\n<\/div>\n<\/div>\n<\/div>\n<\/div>\n<div><\/div>\n<div><strong>Bon Pastor C 3-1 PREBENJAM\u00cd D<\/strong><\/div>\n<\/div>\n<\/div>\n<\/div>\n<\/div>\n<\/div>\n<\/div>\n<\/div>\n<p>Partit molt igualat durant els 40 minuts. Els dos primers quarts possessi\u00f3 repartida entre els dos i poques ocasions, pilotes renyits amb bastants faltes i moltes pauses en el joc, arribant al descans sense gols. En el tercer quart mateixa igualtat per\u00f2 amb moltes m\u00e9s arribades per part de la Grama arribant a fallar un penal. Es van avan\u00e7ar els locals per\u00f2 la Fundaci\u00f3 va ser capa\u00e7 d&#8217;empatar. En l&#8217;\u00faltim quart es va trencar el partit sent d&#8217;anada i tornada per\u00f2 la Grama sense encert de cara a gol mentre el Bon Pastor va encertar en un c\u00f3rner i en un contraatac. Mal gust de boca pel bon joc realitzat durant gaireb\u00e9 tot el xoc.<\/p>\n<p>Partido muy igualado durante los 40 minutos. Los dos primeros cuartos posesi\u00f3n repartida entre los dos y pocas ocasiones, balones re\u00f1idos con bastantes faltas y muchas pausas en el juego, llegando al descanso sin goles. En el tercer cuarto misma igualdad pero con muchas m\u00e1s llegadas por parte de la Grama llegando a fallar un penalti. Se adelantaron los locales pero la Fundaci\u00f3 fue capaz de empatar. En el \u00faltimo cuarto se rompi\u00f3 el partido siendo de ida y vuelta pero la Grama sin acierto de cara a gol mientras el Bon Pastor acert\u00f3 en un c\u00f3rner y en un contraataque. Mal sabor de boca por el buen juego realizado durante casi todo el choque.<\/p>\n","protected":false},"excerpt":{"rendered":"<p>PREBENJAM\u00cd A 3-4 CF Unificaci\u00f3n Llefi\u00e0 Els colomencs es van avan\u00e7ar amb dos gols i en el segon quart el domini es va dissipar i la Llefi\u00e0 va empatar. La Grama va afluixar molt en el tercer quart i aix\u00f2 els va costar encaixar dos gols. En l&#8217;\u00faltim quart els locals van fer un gran [&hellip;]<\/p>\n","protected":false},"author":1,"featured_media":5516,"comment_status":"closed","ping_status":"closed","sticky":false,"template":"","format":"standard","meta":{"footnotes":""},"categories":[4,12],"tags":[],"class_list":["post-23866","post","type-post","status-publish","format-standard","has-post-thumbnail","hentry","category-base-inclusiu","category-prebenjamins"],"_links":{"self":[{"href":"http:\/\/fegrama.cat\/web\/wp-json\/wp\/v2\/posts\/23866","targetHints":{"allow":["GET"]}}],"collection":[{"href":"http:\/\/fegrama.cat\/web\/wp-json\/wp\/v2\/posts"}],"about":[{"href":"http:\/\/fegrama.cat\/web\/wp-json\/wp\/v2\/types\/post"}],"author":[{"embeddable":true,"href":"http:\/\/fegrama.cat\/web\/wp-json\/wp\/v2\/users\/1"}],"replies":[{"embeddable":true,"href":"http:\/\/fegrama.cat\/web\/wp-json\/wp\/v2\/comments?post=23866"}],"version-history":[{"count":2,"href":"http:\/\/fegrama.cat\/web\/wp-json\/wp\/v2\/posts\/23866\/revisions"}],"predecessor-version":[{"id":23899,"href":"http:\/\/fegrama.cat\/web\/wp-json\/wp\/v2\/posts\/23866\/revisions\/23899"}],"wp:featuredmedia":[{"embeddable":true,"href":"http:\/\/fegrama.cat\/web\/wp-json\/wp\/v2\/media\/5516"}],"wp:attachment":[{"href":"http:\/\/fegrama.cat\/web\/wp-json\/wp\/v2\/media?parent=23866"}],"wp:term":[{"taxonomy":"category","embeddable":true,"href":"http:\/\/fegrama.cat\/web\/wp-json\/wp\/v2\/categories?post=23866"},{"taxonomy":"post_tag","embeddable":true,"href":"http:\/\/fegrama.cat\/web\/wp-json\/wp\/v2\/tags?post=23866"}],"curies":[{"name":"wp","href":"https:\/\/api.w.org\/{rel}","templated":true}]}}