{"id":23805,"date":"2018-04-09T17:58:34","date_gmt":"2018-04-09T16:58:34","guid":{"rendered":"http:\/\/fegrama.cat\/web\/?p=23805"},"modified":"2018-04-09T17:58:45","modified_gmt":"2018-04-09T16:58:45","slug":"roberto-morales-renovat","status":"publish","type":"post","link":"http:\/\/fegrama.cat\/web\/roberto-morales-renovat\/","title":{"rendered":"COMUNICAT OFICIAL: Roberto Morales, renovat!!!"},"content":{"rendered":"<p>El nostre President, Antonio Morales, coneixent la gravetat de la lesi\u00f3 del Capit\u00e0 de la Fundaci\u00f3 Esportiva Grama, Roberto Morales, va proposar a la Junta Directiva de l\u2019Entitat, la Renovaci\u00f3 immediata del jugador per la propera temporada 2018-2019.<\/p>\n<p><strong>Aprovat per unanimitat per tots els membres de la Junta, ens complau desitjar-li a Roberto una bona recuperaci\u00f3.<\/strong><\/p>\n<p><a href=\"http:\/\/fegrama.cat\/web\/wp-content\/uploads\/2018\/03\/animrobert.jpg\"><img loading=\"lazy\" decoding=\"async\" class=\"aligncenter size-large wp-image-23933\" src=\"http:\/\/fegrama.cat\/web\/wp-content\/uploads\/2018\/03\/animrobert-1024x753.jpg\" alt=\"\" width=\"618\" height=\"454\" srcset=\"http:\/\/fegrama.cat\/web\/wp-content\/uploads\/2018\/03\/animrobert-1024x753.jpg 1024w, http:\/\/fegrama.cat\/web\/wp-content\/uploads\/2018\/03\/animrobert-300x220.jpg 300w, http:\/\/fegrama.cat\/web\/wp-content\/uploads\/2018\/03\/animrobert-768x564.jpg 768w, http:\/\/fegrama.cat\/web\/wp-content\/uploads\/2018\/03\/animrobert.jpg 1162w\" sizes=\"auto, (max-width: 618px) 100vw, 618px\" \/><\/a><\/p>\n<p>Nuestro Presidente, Antonio Morales, conociendo la gravedad de la lesi\u00f3n del Capit\u00e1n de la Fundaci\u00f3 Esportiva Grama, Roberto Morales, propuso a la Junta Directiva de la Entidad, la Renovaci\u00f3n inmediata del jugador para la pr\u00f3xima temporada 2018-2019.<\/p>\n<p><strong>Aprobado por unanimidad por todos los miembros de la Junta, nos complace desearle a Roberto una buena recuperaci\u00f3n.<\/strong><\/p>\n","protected":false},"excerpt":{"rendered":"<p>El nostre President, Antonio Morales, coneixent la gravetat de la lesi\u00f3 del Capit\u00e0 de la Fundaci\u00f3 Esportiva Grama, Roberto Morales, va proposar a la Junta Directiva de l\u2019Entitat, la Renovaci\u00f3 immediata del jugador per la propera temporada 2018-2019. Aprovat per unanimitat per tots els membres de la Junta, ens complau desitjar-li a Roberto una bona [&hellip;]<\/p>\n","protected":false},"author":1,"featured_media":23933,"comment_status":"closed","ping_status":"closed","sticky":false,"template":"","format":"standard","meta":{"footnotes":""},"categories":[14],"tags":[],"class_list":["post-23805","post","type-post","status-publish","format-standard","has-post-thumbnail","hentry","category-noticies"],"_links":{"self":[{"href":"http:\/\/fegrama.cat\/web\/wp-json\/wp\/v2\/posts\/23805","targetHints":{"allow":["GET"]}}],"collection":[{"href":"http:\/\/fegrama.cat\/web\/wp-json\/wp\/v2\/posts"}],"about":[{"href":"http:\/\/fegrama.cat\/web\/wp-json\/wp\/v2\/types\/post"}],"author":[{"embeddable":true,"href":"http:\/\/fegrama.cat\/web\/wp-json\/wp\/v2\/users\/1"}],"replies":[{"embeddable":true,"href":"http:\/\/fegrama.cat\/web\/wp-json\/wp\/v2\/comments?post=23805"}],"version-history":[{"count":3,"href":"http:\/\/fegrama.cat\/web\/wp-json\/wp\/v2\/posts\/23805\/revisions"}],"predecessor-version":[{"id":23935,"href":"http:\/\/fegrama.cat\/web\/wp-json\/wp\/v2\/posts\/23805\/revisions\/23935"}],"wp:featuredmedia":[{"embeddable":true,"href":"http:\/\/fegrama.cat\/web\/wp-json\/wp\/v2\/media\/23933"}],"wp:attachment":[{"href":"http:\/\/fegrama.cat\/web\/wp-json\/wp\/v2\/media?parent=23805"}],"wp:term":[{"taxonomy":"category","embeddable":true,"href":"http:\/\/fegrama.cat\/web\/wp-json\/wp\/v2\/categories?post=23805"},{"taxonomy":"post_tag","embeddable":true,"href":"http:\/\/fegrama.cat\/web\/wp-json\/wp\/v2\/tags?post=23805"}],"curies":[{"name":"wp","href":"https:\/\/api.w.org\/{rel}","templated":true}]}}