{"id":23667,"date":"2018-03-21T12:18:02","date_gmt":"2018-03-21T11:18:02","guid":{"rendered":"http:\/\/fegrama.cat\/web\/?p=23667"},"modified":"2018-03-21T12:18:02","modified_gmt":"2018-03-21T11:18:02","slug":"capitans-adrian-fernandez","status":"publish","type":"post","link":"http:\/\/fegrama.cat\/web\/capitans-adrian-fernandez\/","title":{"rendered":"Capitans: Adri\u00e1n Fern\u00e1ndez"},"content":{"rendered":"<p>El <strong>Prebenjam\u00ed C<\/strong>, dirigit per <strong>Miguel \u00c1ngel Sede\u00f1o<\/strong>, \u00e9s un equip de formaci\u00f3 i on el bra\u00e7alet de capit\u00e0 passa de jugador en jugador cada partit perqu\u00e8 tots tinguin l&#8217;oportunitat de ser-ho.<\/p>\n<p>Com cada setmana \u00e9s un capit\u00e0 diferent el seu entrenador va triar per a la secci\u00f3 a <strong>Adri\u00e1n Fern\u00e1ndez<\/strong>.<\/p>\n<p>Adri \u00e9s un nen de 6 anys. Ens explica que li encanta jugar a futbol, que es diverteix molt amb els seus companys ia m\u00e9s que est\u00e0 aprenent molt. Davanter que li agrada el FC Barcelona, i gaudeix amb Messi.<\/p>\n<p><a href=\"http:\/\/fegrama.cat\/web\/wp-content\/uploads\/2018\/03\/adriPC.jpg\"><img loading=\"lazy\" decoding=\"async\" class=\"aligncenter  wp-image-23668\" src=\"http:\/\/fegrama.cat\/web\/wp-content\/uploads\/2018\/03\/adriPC-576x1024.jpg\" alt=\"\" width=\"445\" height=\"791\" srcset=\"http:\/\/fegrama.cat\/web\/wp-content\/uploads\/2018\/03\/adriPC-576x1024.jpg 576w, http:\/\/fegrama.cat\/web\/wp-content\/uploads\/2018\/03\/adriPC-169x300.jpg 169w, http:\/\/fegrama.cat\/web\/wp-content\/uploads\/2018\/03\/adriPC-768x1365.jpg 768w, http:\/\/fegrama.cat\/web\/wp-content\/uploads\/2018\/03\/adriPC.jpg 800w\" sizes=\"auto, (max-width: 445px) 100vw, 445px\" \/><\/a><\/p>\n<p>El <strong>Prebenjam\u00edn C<\/strong>, dirigido por <strong>Miguel \u00c1ngel Sede\u00f1o<\/strong>, es un equipo de formaci\u00f3n y donde el brazalete de capit\u00e1n pasa de jugador en jugador cada partido para que todos tengan la oportunidad de serlo.<\/p>\n<p>Como cada semana es un capit\u00e1n distinto su entrenador eligi\u00f3 para la secci\u00f3n a <strong>Adri\u00e1n Fern\u00e1ndez<\/strong>.<\/p>\n<p>Adri es un ni\u00f1o de 6 a\u00f1os. Nos cuenta que le encanta jugar a f\u00fatbol, que se divierte mucho con sus compa\u00f1eros y adem\u00e1s que est\u00e1 aprendiendo mucho. Delantero que le gusta el FC Barcelona, y disfruta con Messi.<\/p>\n<p>&nbsp;<\/p>\n","protected":false},"excerpt":{"rendered":"<p>El Prebenjam\u00ed C, dirigit per Miguel \u00c1ngel Sede\u00f1o, \u00e9s un equip de formaci\u00f3 i on el bra\u00e7alet de capit\u00e0 passa de jugador en jugador cada partit perqu\u00e8 tots tinguin l&#8217;oportunitat de ser-ho. Com cada setmana \u00e9s un capit\u00e0 diferent el seu entrenador va triar per a la secci\u00f3 a Adri\u00e1n Fern\u00e1ndez. Adri \u00e9s un nen [&hellip;]<\/p>\n","protected":false},"author":1,"featured_media":23668,"comment_status":"closed","ping_status":"closed","sticky":false,"template":"","format":"standard","meta":{"footnotes":""},"categories":[1182],"tags":[],"class_list":["post-23667","post","type-post","status-publish","format-standard","has-post-thumbnail","hentry","category-capitans"],"_links":{"self":[{"href":"http:\/\/fegrama.cat\/web\/wp-json\/wp\/v2\/posts\/23667","targetHints":{"allow":["GET"]}}],"collection":[{"href":"http:\/\/fegrama.cat\/web\/wp-json\/wp\/v2\/posts"}],"about":[{"href":"http:\/\/fegrama.cat\/web\/wp-json\/wp\/v2\/types\/post"}],"author":[{"embeddable":true,"href":"http:\/\/fegrama.cat\/web\/wp-json\/wp\/v2\/users\/1"}],"replies":[{"embeddable":true,"href":"http:\/\/fegrama.cat\/web\/wp-json\/wp\/v2\/comments?post=23667"}],"version-history":[{"count":1,"href":"http:\/\/fegrama.cat\/web\/wp-json\/wp\/v2\/posts\/23667\/revisions"}],"predecessor-version":[{"id":23669,"href":"http:\/\/fegrama.cat\/web\/wp-json\/wp\/v2\/posts\/23667\/revisions\/23669"}],"wp:featuredmedia":[{"embeddable":true,"href":"http:\/\/fegrama.cat\/web\/wp-json\/wp\/v2\/media\/23668"}],"wp:attachment":[{"href":"http:\/\/fegrama.cat\/web\/wp-json\/wp\/v2\/media?parent=23667"}],"wp:term":[{"taxonomy":"category","embeddable":true,"href":"http:\/\/fegrama.cat\/web\/wp-json\/wp\/v2\/categories?post=23667"},{"taxonomy":"post_tag","embeddable":true,"href":"http:\/\/fegrama.cat\/web\/wp-json\/wp\/v2\/tags?post=23667"}],"curies":[{"name":"wp","href":"https:\/\/api.w.org\/{rel}","templated":true}]}}