{"id":23664,"date":"2018-03-22T10:21:06","date_gmt":"2018-03-22T09:21:06","guid":{"rendered":"http:\/\/fegrama.cat\/web\/?p=23664"},"modified":"2018-03-22T10:21:06","modified_gmt":"2018-03-22T09:21:06","slug":"el-rival-de-la-jornada-ue-llagostera-b","status":"publish","type":"post","link":"http:\/\/fegrama.cat\/web\/el-rival-de-la-jornada-ue-llagostera-b\/","title":{"rendered":"El rival de la jornada: UE Llagostera B"},"content":{"rendered":"<p><strong>Uni\u00f3 Esportiva Llagostera-Costa Brava \u00abB\u00bb.<\/strong><\/p>\n<p>Filial d&#8217;un equip que fa poc era a Segona Divisi\u00f3. La temporada passada van acabar cinquens, a prop dels llocs d&#8217;ascens, en el seu debut a la categoria. Per segon any consecutiu estan donant que parlar amb el seu bon joc i la seva bona campanya.<\/p>\n<p><strong>Entrenador:<\/strong> Javier Salamero.<\/p>\n<p><strong>Set\u00e8 classificat<\/strong> de la lliga amb 38 punts en el seu caseller. Acumulen dues derrotes consecutives. Lluny del descens volen intentar fer un \u00faltim esfor\u00e7 per lluitar pel play-off.<\/p>\n<p><strong>Primera volta:\u00a0<\/strong>Jornada 9 \/ UE Llagostera B 0-2 E Grama (0-1 Crist\u00f3bal Le\u00f3n 20&#8242;, 0-2 Lamin Samateh 58&#8242;)<\/p>\n<p><a href=\"http:\/\/fegrama.cat\/web\/wp-content\/uploads\/2018\/03\/escudo-llagostera.png\"><img loading=\"lazy\" decoding=\"async\" class=\"aligncenter size-full wp-image-23670\" src=\"http:\/\/fegrama.cat\/web\/wp-content\/uploads\/2018\/03\/escudo-llagostera.png\" alt=\"\" width=\"170\" height=\"183\" \/><\/a><\/p>\n<p><strong>Uni\u00f3 Esportiva Llagostera-Costa Brava \u00abB\u00bb<\/strong>.<\/p>\n<p>Filial de un equipo que hace poco estaba en Segunda Divisi\u00f3n. La temporada pasada acabaron quintos, cerca de los puestos de ascenso, en su debut en la categor\u00eda. Por segundo a\u00f1o consecutivo est\u00e1n dando que hablar con su buen juego y su buena campa\u00f1a.<\/p>\n<p><strong>Entrenador:<\/strong>\u00a0Javier Salamero.<\/p>\n<p><b>S\u00e9ptimo<\/b><strong>\u00a0clasificado<\/strong>\u00a0de la liga con 38 puntos en su casillero. Acumulan dos derrotas consecutivas. Lejos del descenso quieren intentar hacer un \u00faltimo esfuerzo para luchar por el play-off.<\/p>\n<p><b>Primera vuelta:\u00a0<\/b>Jornada 9 \/ UE Llagostera B 0-2 E Grama (0-1 Crist\u00f3bal Le\u00f3n 20&#8242;, 0-2 Lamin Samateh 58&#8242;)<\/p>\n","protected":false},"excerpt":{"rendered":"<p>Uni\u00f3 Esportiva Llagostera-Costa Brava \u00abB\u00bb. Filial d&#8217;un equip que fa poc era a Segona Divisi\u00f3. La temporada passada van acabar cinquens, a prop dels llocs d&#8217;ascens, en el seu debut a la categoria. Per segon any consecutiu estan donant que parlar amb el seu bon joc i la seva bona campanya. Entrenador: Javier Salamero. Set\u00e8 [&hellip;]<\/p>\n","protected":false},"author":1,"featured_media":23670,"comment_status":"closed","ping_status":"closed","sticky":false,"template":"","format":"standard","meta":{"footnotes":""},"categories":[4,5,1],"tags":[],"class_list":["post-23664","post","type-post","status-publish","format-standard","has-post-thumbnail","hentry","category-base-inclusiu","category-primer-equip","category-uncategorized"],"_links":{"self":[{"href":"http:\/\/fegrama.cat\/web\/wp-json\/wp\/v2\/posts\/23664","targetHints":{"allow":["GET"]}}],"collection":[{"href":"http:\/\/fegrama.cat\/web\/wp-json\/wp\/v2\/posts"}],"about":[{"href":"http:\/\/fegrama.cat\/web\/wp-json\/wp\/v2\/types\/post"}],"author":[{"embeddable":true,"href":"http:\/\/fegrama.cat\/web\/wp-json\/wp\/v2\/users\/1"}],"replies":[{"embeddable":true,"href":"http:\/\/fegrama.cat\/web\/wp-json\/wp\/v2\/comments?post=23664"}],"version-history":[{"count":2,"href":"http:\/\/fegrama.cat\/web\/wp-json\/wp\/v2\/posts\/23664\/revisions"}],"predecessor-version":[{"id":23671,"href":"http:\/\/fegrama.cat\/web\/wp-json\/wp\/v2\/posts\/23664\/revisions\/23671"}],"wp:featuredmedia":[{"embeddable":true,"href":"http:\/\/fegrama.cat\/web\/wp-json\/wp\/v2\/media\/23670"}],"wp:attachment":[{"href":"http:\/\/fegrama.cat\/web\/wp-json\/wp\/v2\/media?parent=23664"}],"wp:term":[{"taxonomy":"category","embeddable":true,"href":"http:\/\/fegrama.cat\/web\/wp-json\/wp\/v2\/categories?post=23664"},{"taxonomy":"post_tag","embeddable":true,"href":"http:\/\/fegrama.cat\/web\/wp-json\/wp\/v2\/tags?post=23664"}],"curies":[{"name":"wp","href":"https:\/\/api.w.org\/{rel}","templated":true}]}}