{"id":23659,"date":"2018-03-19T11:10:24","date_gmt":"2018-03-19T10:10:24","guid":{"rendered":"http:\/\/fegrama.cat\/web\/?p=23659"},"modified":"2018-03-19T11:10:24","modified_gmt":"2018-03-19T10:10:24","slug":"derrota-del-juvenil-a-davant-el-martinenc","status":"publish","type":"post","link":"http:\/\/fegrama.cat\/web\/derrota-del-juvenil-a-davant-el-martinenc\/","title":{"rendered":"Derrota del Juvenil A davant el Martinenc"},"content":{"rendered":"<p>El Juvenil A segueix sense trobar la regularitat, aquesta jornada van caure 1-2 davant el FC Martinenc.<\/p>\n<p>Primers 45 minuts on la Grama va proposar molt m\u00e9s que el contrari per\u00f2 de nou la falta de pegada li va impedir avan\u00e7ar-se al marcador. El Martinenc aconseguiria avan\u00e7ar-0-1 al minut 34 pr\u00e0cticament en l&#8217;\u00fanica ocasi\u00f3 clara que va tenir a la primera part.<\/p>\n<p>Segona part que va comen\u00e7ar de la pitjor manera possible per a la Grama ja que el Martinenc aconseguiria el 0-2 en l&#8217;execuci\u00f3 d&#8217;un c\u00f3rner. Gerro d&#8217;aigua freda per als locals que no van saber tornar a trobar la seva millor versi\u00f3 per aconseguir remuntar el partit. El gol de la Grama arribaria de penal al minut 86, obra de Bruno.<\/p>\n<p>[divider]<\/p>\n<p>El Juvenil A sigue sin encontrar la regularidad, esta jornada cayeron 1-2 ante el FC Martinenc.<\/p>\n<p>Primeros 45 minutos donde la Grama propuso mucho mas que el contrario pero de nuevo la falta de pegada le impidi\u00f3 adelantarse en el marcador. El Martinenc lograr\u00eda adelantarse 0-1 en el minuto 34 pr\u00e1cticamente en la \u00fanica ocasi\u00f3n clara que tuvo en la primera parte.<\/p>\n<p>Segunda parte que empez\u00f3 de la peor forma posible para la Grama ya que el Martinenc lograr\u00eda el 0-2 en la ejecuci\u00f3n de un c\u00f3rner.\u00a0Jarro de agua fr\u00eda para los locales que no supieron volver a encontrar su mejor versi\u00f3n para conseguir remontar el partido. El gol de la Grama llegar\u00eda de penalti en el minuto 86, obra de Bruno.<\/p>\n","protected":false},"excerpt":{"rendered":"<p>El Juvenil A segueix sense trobar la regularitat, aquesta jornada van caure 1-2 davant el FC Martinenc. Primers 45 minuts on la Grama va proposar molt m\u00e9s que el contrari per\u00f2 de nou la falta de pegada li va impedir avan\u00e7ar-se al marcador. El Martinenc aconseguiria avan\u00e7ar-0-1 al minut 34 pr\u00e0cticament en l&#8217;\u00fanica ocasi\u00f3 clara [&hellip;]<\/p>\n","protected":false},"author":1,"featured_media":17338,"comment_status":"closed","ping_status":"closed","sticky":false,"template":"","format":"standard","meta":{"footnotes":""},"categories":[4,6],"tags":[],"class_list":["post-23659","post","type-post","status-publish","format-standard","has-post-thumbnail","hentry","category-base-inclusiu","category-juvenils"],"_links":{"self":[{"href":"http:\/\/fegrama.cat\/web\/wp-json\/wp\/v2\/posts\/23659","targetHints":{"allow":["GET"]}}],"collection":[{"href":"http:\/\/fegrama.cat\/web\/wp-json\/wp\/v2\/posts"}],"about":[{"href":"http:\/\/fegrama.cat\/web\/wp-json\/wp\/v2\/types\/post"}],"author":[{"embeddable":true,"href":"http:\/\/fegrama.cat\/web\/wp-json\/wp\/v2\/users\/1"}],"replies":[{"embeddable":true,"href":"http:\/\/fegrama.cat\/web\/wp-json\/wp\/v2\/comments?post=23659"}],"version-history":[{"count":1,"href":"http:\/\/fegrama.cat\/web\/wp-json\/wp\/v2\/posts\/23659\/revisions"}],"predecessor-version":[{"id":23660,"href":"http:\/\/fegrama.cat\/web\/wp-json\/wp\/v2\/posts\/23659\/revisions\/23660"}],"wp:featuredmedia":[{"embeddable":true,"href":"http:\/\/fegrama.cat\/web\/wp-json\/wp\/v2\/media\/17338"}],"wp:attachment":[{"href":"http:\/\/fegrama.cat\/web\/wp-json\/wp\/v2\/media?parent=23659"}],"wp:term":[{"taxonomy":"category","embeddable":true,"href":"http:\/\/fegrama.cat\/web\/wp-json\/wp\/v2\/categories?post=23659"},{"taxonomy":"post_tag","embeddable":true,"href":"http:\/\/fegrama.cat\/web\/wp-json\/wp\/v2\/tags?post=23659"}],"curies":[{"name":"wp","href":"https:\/\/api.w.org\/{rel}","templated":true}]}}