{"id":23657,"date":"2018-03-19T11:06:52","date_gmt":"2018-03-19T10:06:52","guid":{"rendered":"http:\/\/fegrama.cat\/web\/?p=23657"},"modified":"2018-03-19T11:06:52","modified_gmt":"2018-03-19T10:06:52","slug":"golejada-del-cadet-infantil-a-mataro","status":"publish","type":"post","link":"http:\/\/fegrama.cat\/web\/golejada-del-cadet-infantil-a-mataro\/","title":{"rendered":"Golejada del Cadet-Infantil a Matar\u00f3"},"content":{"rendered":"<p>El Cadet-Infantil va golejar 2-12 a la UD Cirera.<\/p>\n<p>Bon partit de la Grama amb molt joc de combinaci\u00f3. Primera meitat on les blaves van comen\u00e7ar molt b\u00e9 i es van posar 0-3 mostrant un molt bon futbol amb ocasions. Abans del descans van arribar minuts de descontrol on el Cirera va marcar els seus gols i van deixar un 2-4 al marcador.<\/p>\n<p>A la segona meitat la Grama va saber matar el partit a base de bon joc i molts gols.<\/p>\n<p><a href=\"http:\/\/fegrama.cat\/web\/wp-content\/uploads\/2017\/10\/cadinf.jpg\"><img loading=\"lazy\" decoding=\"async\" class=\"aligncenter size-full wp-image-22121\" src=\"http:\/\/fegrama.cat\/web\/wp-content\/uploads\/2017\/10\/cadinf.jpg\" alt=\"\" width=\"640\" height=\"640\" srcset=\"http:\/\/fegrama.cat\/web\/wp-content\/uploads\/2017\/10\/cadinf.jpg 640w, http:\/\/fegrama.cat\/web\/wp-content\/uploads\/2017\/10\/cadinf-150x150.jpg 150w, http:\/\/fegrama.cat\/web\/wp-content\/uploads\/2017\/10\/cadinf-300x300.jpg 300w, http:\/\/fegrama.cat\/web\/wp-content\/uploads\/2017\/10\/cadinf-55x55.jpg 55w\" sizes=\"auto, (max-width: 640px) 100vw, 640px\" \/><\/a><\/p>\n<p>El Cadete-Infantil gole\u00f3 2-12 a la UD Cirera.<\/p>\n<p>Buen partido de la Grama con mucho juego de combinaci\u00f3n. Primera mitad donde las azules empezaron muy bien y se pusieron 0-3 mostrando un muy buen f\u00fatbol con ocasiones. Antes del descanso llegaron minutos de descontrol donde el Cirera marc\u00f3 sus goles y dejaron un 2-4 en el marcador.<\/p>\n<p>En la segunda mitad la Grama supo matar el partido a base de buen juego y muchos goles.<\/p>\n","protected":false},"excerpt":{"rendered":"<p>El Cadet-Infantil va golejar 2-12 a la UD Cirera. Bon partit de la Grama amb molt joc de combinaci\u00f3. Primera meitat on les blaves van comen\u00e7ar molt b\u00e9 i es van posar 0-3 mostrant un molt bon futbol amb ocasions. Abans del descans van arribar minuts de descontrol on el Cirera va marcar els seus [&hellip;]<\/p>\n","protected":false},"author":1,"featured_media":22121,"comment_status":"closed","ping_status":"closed","sticky":false,"template":"","format":"standard","meta":{"footnotes":""},"categories":[4,13],"tags":[],"class_list":["post-23657","post","type-post","status-publish","format-standard","has-post-thumbnail","hentry","category-base-inclusiu","category-femeni"],"_links":{"self":[{"href":"http:\/\/fegrama.cat\/web\/wp-json\/wp\/v2\/posts\/23657","targetHints":{"allow":["GET"]}}],"collection":[{"href":"http:\/\/fegrama.cat\/web\/wp-json\/wp\/v2\/posts"}],"about":[{"href":"http:\/\/fegrama.cat\/web\/wp-json\/wp\/v2\/types\/post"}],"author":[{"embeddable":true,"href":"http:\/\/fegrama.cat\/web\/wp-json\/wp\/v2\/users\/1"}],"replies":[{"embeddable":true,"href":"http:\/\/fegrama.cat\/web\/wp-json\/wp\/v2\/comments?post=23657"}],"version-history":[{"count":1,"href":"http:\/\/fegrama.cat\/web\/wp-json\/wp\/v2\/posts\/23657\/revisions"}],"predecessor-version":[{"id":23658,"href":"http:\/\/fegrama.cat\/web\/wp-json\/wp\/v2\/posts\/23657\/revisions\/23658"}],"wp:featuredmedia":[{"embeddable":true,"href":"http:\/\/fegrama.cat\/web\/wp-json\/wp\/v2\/media\/22121"}],"wp:attachment":[{"href":"http:\/\/fegrama.cat\/web\/wp-json\/wp\/v2\/media?parent=23657"}],"wp:term":[{"taxonomy":"category","embeddable":true,"href":"http:\/\/fegrama.cat\/web\/wp-json\/wp\/v2\/categories?post=23657"},{"taxonomy":"post_tag","embeddable":true,"href":"http:\/\/fegrama.cat\/web\/wp-json\/wp\/v2\/tags?post=23657"}],"curies":[{"name":"wp","href":"https:\/\/api.w.org\/{rel}","templated":true}]}}