{"id":23656,"date":"2018-03-19T12:12:05","date_gmt":"2018-03-19T11:12:05","guid":{"rendered":"http:\/\/fegrama.cat\/web\/?p=23656"},"modified":"2018-03-19T12:12:05","modified_gmt":"2018-03-19T11:12:05","slug":"derrota-del-juvenil-b-a-mataro","status":"publish","type":"post","link":"http:\/\/fegrama.cat\/web\/derrota-del-juvenil-b-a-mataro\/","title":{"rendered":"Derrota del Juvenil B a Matar\u00f3"},"content":{"rendered":"<p>El Juvenil B va caure derrotat 2-0 davant el CE Matar\u00f3 C.<\/p>\n<p>Primera meitat molt igualada i sense ocasions clares per cap equip. La Grama va ser qui m\u00e9s ho va intentar davant un rival replegat. Despr\u00e9s del pas per vestidors els colomencs van modificar el sistema i van comen\u00e7ar el primer tram del segon temps creant perill per\u00f2 sense encert en l&#8217;\u00faltima passada.<\/p>\n<p>La Grama jugava b\u00e9, tenia les idees clares i estaven ben posicionats per\u00f2 el gol es va resistir. De falta s&#8217;avan\u00e7arien els locals i en un error del migcampista arribaria el 2-0 en un xut des de mig del camp aprofitant que el porter estava avan\u00e7at. Fins al final la Grama va buscar el gol sense sort.<\/p>\n<p>[divider]<\/p>\n<p>El Juvenil B cay\u00f3 derrotado 2-0 ante el CE Matar\u00f3 C.<\/p>\n<p>Primera mitad muy igualada y sin ocasiones claras para ning\u00fan equipo. La Grama fue quien mas lo intent\u00f3 ante un rival replegado. Tras el paso por vestuarios los colomenses modificaron el sistema y empezaron el primer tramo del segundo tiempo creando peligro pero sin acierto en el \u00faltimo pase.<\/p>\n<p>La Grama jugaba bien, ten\u00eda las ideas claras y estaban bien posicionados pero el gol se les resisti\u00f3. De falta se adelantar\u00edan los locales y en un error del mediocentro llegar\u00eda el 2-0 en un chute desde medio del campo aprovechando que el portero estaba adelantado. Hasta el final la Grama busc\u00f3 el gol sin suerte.<\/p>\n","protected":false},"excerpt":{"rendered":"<p>El Juvenil B va caure derrotat 2-0 davant el CE Matar\u00f3 C. Primera meitat molt igualada i sense ocasions clares per cap equip. La Grama va ser qui m\u00e9s ho va intentar davant un rival replegat. Despr\u00e9s del pas per vestidors els colomencs van modificar el sistema i van comen\u00e7ar el primer tram del segon [&hellip;]<\/p>\n","protected":false},"author":1,"featured_media":3787,"comment_status":"closed","ping_status":"closed","sticky":false,"template":"","format":"standard","meta":{"footnotes":""},"categories":[4,6],"tags":[],"class_list":["post-23656","post","type-post","status-publish","format-standard","has-post-thumbnail","hentry","category-base-inclusiu","category-juvenils"],"_links":{"self":[{"href":"http:\/\/fegrama.cat\/web\/wp-json\/wp\/v2\/posts\/23656","targetHints":{"allow":["GET"]}}],"collection":[{"href":"http:\/\/fegrama.cat\/web\/wp-json\/wp\/v2\/posts"}],"about":[{"href":"http:\/\/fegrama.cat\/web\/wp-json\/wp\/v2\/types\/post"}],"author":[{"embeddable":true,"href":"http:\/\/fegrama.cat\/web\/wp-json\/wp\/v2\/users\/1"}],"replies":[{"embeddable":true,"href":"http:\/\/fegrama.cat\/web\/wp-json\/wp\/v2\/comments?post=23656"}],"version-history":[{"count":1,"href":"http:\/\/fegrama.cat\/web\/wp-json\/wp\/v2\/posts\/23656\/revisions"}],"predecessor-version":[{"id":23663,"href":"http:\/\/fegrama.cat\/web\/wp-json\/wp\/v2\/posts\/23656\/revisions\/23663"}],"wp:featuredmedia":[{"embeddable":true,"href":"http:\/\/fegrama.cat\/web\/wp-json\/wp\/v2\/media\/3787"}],"wp:attachment":[{"href":"http:\/\/fegrama.cat\/web\/wp-json\/wp\/v2\/media?parent=23656"}],"wp:term":[{"taxonomy":"category","embeddable":true,"href":"http:\/\/fegrama.cat\/web\/wp-json\/wp\/v2\/categories?post=23656"},{"taxonomy":"post_tag","embeddable":true,"href":"http:\/\/fegrama.cat\/web\/wp-json\/wp\/v2\/tags?post=23656"}],"curies":[{"name":"wp","href":"https:\/\/api.w.org\/{rel}","templated":true}]}}