{"id":23629,"date":"2018-03-18T19:59:10","date_gmt":"2018-03-18T18:59:10","guid":{"rendered":"http:\/\/fegrama.cat\/web\/?p=23629"},"modified":"2018-03-18T19:59:10","modified_gmt":"2018-03-18T18:59:10","slug":"vuit-gols-del-cadet-e","status":"publish","type":"post","link":"http:\/\/fegrama.cat\/web\/vuit-gols-del-cadet-e\/","title":{"rendered":"Vuit gols del Cadet E"},"content":{"rendered":"<p>El Cadet E golejar 1-8 al CF Unificaci\u00f3 Llefi\u00e0 C.<\/p>\n<p>Partit pl\u00e0cid de la Grama on en els primers 20 minuts van ser un aut\u00e8ntic corr\u00f3, molt superiors al seu rival per\u00f2 fallant ocasions molt clares. Els killers Qui\u00f1ones i especialment Ra\u00fal fallaven una vegada i una ocasi\u00f3 clar\u00edssimes, per\u00f2 finalment en el 21 arribaria el 0-1. En la seg\u00fcent jugada la Llefi\u00e0 empatava en el seu primer xut.<\/p>\n<p>Fins arribar al descans m\u00e9s ocasions fallades de la Grama i Qui\u00f1ones posaria el 1-2. A la segona meitat els colomencs van afinar la punteria i van ser ficant un gol rere l&#8217;altre. El resultat final podria haver estat molt m\u00e9s gran. A destacar el gran partit de Sergio, el capit\u00e0, associant-se amb el seu soci Arnau.<\/p>\n<p>[divider]<\/p>\n<p>El Cadete E gole\u00f3 1-8 al CF Unificaci\u00f3n Llefi\u00e0 C.<\/p>\n<p>Partido pl\u00e1cido de la Grama donde en los primeros 20 minutos fueron un aut\u00e9ntico rodillo, muy superiores a su rival pero fallando ocasiones muy claras. Los killers Qui\u00f1ones y especialmente Ra\u00fal fallaban una y otra ocasi\u00f3n clar\u00edsimas, pero finalmente en el 21 llegar\u00eda el 0-1. En la siguiente jugada la Llefi\u00e0 empataba en su primer chute.<\/p>\n<p>Hasta llegar al descanso m\u00e1s ocasiones falladas de la Grama y Qui\u00f1ones pondr\u00eda el 1-2. En la segunda mitad los colomenses afinaron la punter\u00eda y fueron metiendo un gol tras otro. El resultado final podr\u00eda haber sido mucho m\u00e1s grande. A destacar el partidazo de Sergio, el capit\u00e1n, asoci\u00e1ndose con su socio Arnau.<\/p>\n","protected":false},"excerpt":{"rendered":"<p>El Cadet E golejar 1-8 al CF Unificaci\u00f3 Llefi\u00e0 C. Partit pl\u00e0cid de la Grama on en els primers 20 minuts van ser un aut\u00e8ntic corr\u00f3, molt superiors al seu rival per\u00f2 fallant ocasions molt clares. Els killers Qui\u00f1ones i especialment Ra\u00fal fallaven una vegada i una ocasi\u00f3 clar\u00edssimes, per\u00f2 finalment en el 21 arribaria [&hellip;]<\/p>\n","protected":false},"author":1,"featured_media":6220,"comment_status":"closed","ping_status":"closed","sticky":false,"template":"","format":"standard","meta":{"footnotes":""},"categories":[4,7],"tags":[],"class_list":["post-23629","post","type-post","status-publish","format-standard","has-post-thumbnail","hentry","category-base-inclusiu","category-cadets"],"_links":{"self":[{"href":"http:\/\/fegrama.cat\/web\/wp-json\/wp\/v2\/posts\/23629","targetHints":{"allow":["GET"]}}],"collection":[{"href":"http:\/\/fegrama.cat\/web\/wp-json\/wp\/v2\/posts"}],"about":[{"href":"http:\/\/fegrama.cat\/web\/wp-json\/wp\/v2\/types\/post"}],"author":[{"embeddable":true,"href":"http:\/\/fegrama.cat\/web\/wp-json\/wp\/v2\/users\/1"}],"replies":[{"embeddable":true,"href":"http:\/\/fegrama.cat\/web\/wp-json\/wp\/v2\/comments?post=23629"}],"version-history":[{"count":1,"href":"http:\/\/fegrama.cat\/web\/wp-json\/wp\/v2\/posts\/23629\/revisions"}],"predecessor-version":[{"id":23630,"href":"http:\/\/fegrama.cat\/web\/wp-json\/wp\/v2\/posts\/23629\/revisions\/23630"}],"wp:featuredmedia":[{"embeddable":true,"href":"http:\/\/fegrama.cat\/web\/wp-json\/wp\/v2\/media\/6220"}],"wp:attachment":[{"href":"http:\/\/fegrama.cat\/web\/wp-json\/wp\/v2\/media?parent=23629"}],"wp:term":[{"taxonomy":"category","embeddable":true,"href":"http:\/\/fegrama.cat\/web\/wp-json\/wp\/v2\/categories?post=23629"},{"taxonomy":"post_tag","embeddable":true,"href":"http:\/\/fegrama.cat\/web\/wp-json\/wp\/v2\/tags?post=23629"}],"curies":[{"name":"wp","href":"https:\/\/api.w.org\/{rel}","templated":true}]}}