{"id":23627,"date":"2018-03-18T19:46:49","date_gmt":"2018-03-18T18:46:49","guid":{"rendered":"http:\/\/fegrama.cat\/web\/?p=23627"},"modified":"2018-03-18T19:46:49","modified_gmt":"2018-03-18T18:46:49","slug":"set-del-juvenil-d-davant-el-singuerlin","status":"publish","type":"post","link":"http:\/\/fegrama.cat\/web\/set-del-juvenil-d-davant-el-singuerlin\/","title":{"rendered":"&#8216;Set&#8217; del Juvenil D davant el Singuerl\u00edn"},"content":{"rendered":"<p>El Juvenil D de la FE Grama es va emportar el derbi per 6-2 davant el CF Singuerl\u00edn B.<\/p>\n<p>Primera part amb el domini del joc per part de la Fundaci\u00f3 tenint sempre la iniciativa per buscar el gol. Malgrat tot va ser el Singuerl\u00edn qui es va avan\u00e7ar al marcador. Amb 0-1 la Grama va seguir confiant en el seu bon joc i van aconseguir l&#8217;empat vuit minuts amb un gol de c\u00f3rner de Sa\u00fcl.<\/p>\n<p>El 2-1 el va aconseguir Pau despr\u00e9s d&#8217;un bon robatori de pilota i una millor definici\u00f3. Abans del descans Sa\u00fcl va ampliar el marcador despr\u00e9s d&#8217;una bona passada d&#8217;Unai. Segona part amb la mateixa din\u00e0mica i els blaus tenint el control del partit, augmentant el marcador fins el definitiu 6-2 amb gols de Rub\u00e9n, Nodar i Yeison.<\/p>\n<div>\n<div class=\"clear\"><a href=\"http:\/\/fegrama.cat\/web\/wp-content\/uploads\/2018\/01\/juvD.jpg\"><img loading=\"lazy\" decoding=\"async\" class=\"aligncenter size-large wp-image-22682\" src=\"http:\/\/fegrama.cat\/web\/wp-content\/uploads\/2018\/01\/juvD-1024x415.jpg\" sizes=\"auto, (max-width: 618px) 100vw, 618px\" srcset=\"http:\/\/fegrama.cat\/web\/wp-content\/uploads\/2018\/01\/juvD-1024x415.jpg 1024w, http:\/\/fegrama.cat\/web\/wp-content\/uploads\/2018\/01\/juvD-300x121.jpg 300w, http:\/\/fegrama.cat\/web\/wp-content\/uploads\/2018\/01\/juvD-768x311.jpg 768w, http:\/\/fegrama.cat\/web\/wp-content\/uploads\/2018\/01\/juvD.jpg 1294w\" alt=\"\" width=\"618\" height=\"250\" \/><\/a><\/div>\n<\/div>\n<p>El Juvenil D de la FE Grama se llev\u00f3 el derbi por 6-2 ante el CF Singuerl\u00edn B.<\/p>\n<p>Primera parte con el dominio del juego por parte de la Fundaci\u00f3 teniendo siempre la iniciativa para buscar el gol. A pesar de todo fue el Singuerl\u00edn quien se adelant\u00f3 en el marcador. Con 0-1 la Grama sigui\u00f3 confiando en su buen juego y consiguieron el empate ocho minutos con un gol de c\u00f3rner de Sa\u00fal.<\/p>\n<p>El 2-1 lo consigui\u00f3 Pau tras un buen robo de bal\u00f3n y una mejor definici\u00f3n. Antes del descanso Sa\u00fal ampli\u00f3 el marcador tras un buen pase de Unai. Segunda parte con la misma din\u00e1mica y los azules teniendo el control del partido, aumentando el marcador hasta el definitivo 6-2 con goles de Rub\u00e9n, Nodar y Yeison.<\/p>\n","protected":false},"excerpt":{"rendered":"<p>El Juvenil D de la FE Grama es va emportar el derbi per 6-2 davant el CF Singuerl\u00edn B. Primera part amb el domini del joc per part de la Fundaci\u00f3 tenint sempre la iniciativa per buscar el gol. Malgrat tot va ser el Singuerl\u00edn qui es va avan\u00e7ar al marcador. Amb 0-1 la Grama [&hellip;]<\/p>\n","protected":false},"author":1,"featured_media":22682,"comment_status":"closed","ping_status":"closed","sticky":false,"template":"","format":"standard","meta":{"footnotes":""},"categories":[4,6],"tags":[],"class_list":["post-23627","post","type-post","status-publish","format-standard","has-post-thumbnail","hentry","category-base-inclusiu","category-juvenils"],"_links":{"self":[{"href":"http:\/\/fegrama.cat\/web\/wp-json\/wp\/v2\/posts\/23627","targetHints":{"allow":["GET"]}}],"collection":[{"href":"http:\/\/fegrama.cat\/web\/wp-json\/wp\/v2\/posts"}],"about":[{"href":"http:\/\/fegrama.cat\/web\/wp-json\/wp\/v2\/types\/post"}],"author":[{"embeddable":true,"href":"http:\/\/fegrama.cat\/web\/wp-json\/wp\/v2\/users\/1"}],"replies":[{"embeddable":true,"href":"http:\/\/fegrama.cat\/web\/wp-json\/wp\/v2\/comments?post=23627"}],"version-history":[{"count":1,"href":"http:\/\/fegrama.cat\/web\/wp-json\/wp\/v2\/posts\/23627\/revisions"}],"predecessor-version":[{"id":23628,"href":"http:\/\/fegrama.cat\/web\/wp-json\/wp\/v2\/posts\/23627\/revisions\/23628"}],"wp:featuredmedia":[{"embeddable":true,"href":"http:\/\/fegrama.cat\/web\/wp-json\/wp\/v2\/media\/22682"}],"wp:attachment":[{"href":"http:\/\/fegrama.cat\/web\/wp-json\/wp\/v2\/media?parent=23627"}],"wp:term":[{"taxonomy":"category","embeddable":true,"href":"http:\/\/fegrama.cat\/web\/wp-json\/wp\/v2\/categories?post=23627"},{"taxonomy":"post_tag","embeddable":true,"href":"http:\/\/fegrama.cat\/web\/wp-json\/wp\/v2\/tags?post=23627"}],"curies":[{"name":"wp","href":"https:\/\/api.w.org\/{rel}","templated":true}]}}