{"id":23616,"date":"2018-03-18T18:07:02","date_gmt":"2018-03-18T17:07:02","guid":{"rendered":"http:\/\/fegrama.cat\/web\/?p=23616"},"modified":"2018-03-18T18:07:02","modified_gmt":"2018-03-18T17:07:02","slug":"mes-de-tres-punts","status":"publish","type":"post","link":"http:\/\/fegrama.cat\/web\/mes-de-tres-punts\/","title":{"rendered":"M\u00e9s de tres punts"},"content":{"rendered":"<p>La <strong>FE Grama<\/strong> va sumar una vict\u00f2ria molt important per <strong>1-2<\/strong> davant el <strong>Cd&#8217;E Manresa<\/strong>. Tres punts per ampliar el seu avantatge sobre el segon en 11 punts a falta de 9 jornades per al final.<\/p>\n<p>Primera meitat en qu\u00e8 el <strong>Manresa<\/strong> va tenir la possessi\u00f3 de pilota i recuperant aviat amb una bona pressi\u00f3 per\u00f2 sense crear cap perill. La <strong>Grama<\/strong> es sentia c\u00f2moda sobre la gespa i enlla\u00e7ava jugades de perill amb el seu joc habitual de tenir la pilota i moure-la r\u00e0pid. <strong>Lamin<\/strong> va avisar amb un gol que va ser anul\u00b7lat per fora de joc.<\/p>\n<p>Al 12 <strong>Crist\u00f3bal<\/strong> no va fallar. Un centre de<strong> Buba<\/strong> va ser refusat per un defensa i la pilota es va anar enrere quedant morta al Pitxitxi que batia al porter. El gui\u00f3 del partit no va canviar tot i el <strong>0-1<\/strong>. <strong>Lamin<\/strong> de cap va tenir el segon per\u00f2 el porter va reaccionar amb una gran aturada i tamb\u00e9 l&#8217;hauria <strong>Buba<\/strong> en carrera.<\/p>\n<p><a href=\"http:\/\/fegrama.cat\/web\/wp-content\/uploads\/2018\/03\/cristomanresa.jpg\"><img loading=\"lazy\" decoding=\"async\" class=\"aligncenter  wp-image-23620\" src=\"http:\/\/fegrama.cat\/web\/wp-content\/uploads\/2018\/03\/cristomanresa.jpg\" alt=\"\" width=\"462\" height=\"347\" srcset=\"http:\/\/fegrama.cat\/web\/wp-content\/uploads\/2018\/03\/cristomanresa.jpg 863w, http:\/\/fegrama.cat\/web\/wp-content\/uploads\/2018\/03\/cristomanresa-300x225.jpg 300w, http:\/\/fegrama.cat\/web\/wp-content\/uploads\/2018\/03\/cristomanresa-768x576.jpg 768w\" sizes=\"auto, (max-width: 462px) 100vw, 462px\" \/><\/a><\/p>\n<p>Finalment en el 43 un contraatac iniciat per <strong>Lamin<\/strong>, el van finalitzar <strong>Crist\u00f3bal<\/strong> assistint a<strong> Buba<\/strong> que en l&#8217;1 contra 1 definia a gol. Despr\u00e9s del <strong>0-2<\/strong> arribaria l&#8217;\u00fanic xut local, per\u00f2 desviat, just abans del descans. Va comen\u00e7ar la segona meitat sense canvis i amb el Manresa estrenyent. Un xut dalt i poc despr\u00e9s una parada de <strong>Texeira<\/strong> van ser els avisos abans del gol.<\/p>\n<p>Als 72 minuts <strong>Mar\u00e7al<\/strong> des de fora de l&#8217;\u00e0rea marcava un gol\u00e0s acostant al seu equip al marcador. Atacs i m\u00e9s atacs locals en una part dominada per ells davant d&#8217;una <strong>Grama<\/strong> que es defensava, amb un estel\u00b7lar <strong>Juan Carlos<\/strong> en defensa.<\/p>\n<p>Els colomencs van poder tancar el partit al contraatac primer amb un xut de <strong>Buba<\/strong> dalt i m\u00e9s tard en un contraatac de <strong>Portavella<\/strong> amb xut de <strong>Miguel<\/strong> a les mans del porter. El <strong>Manresa<\/strong> va tenir l&#8217;empat en un c\u00f3rner, i van apretar fins al final penjant pilotes per\u00f2 sense poder enderrocar el mur blau.<\/p>\n<p style=\"text-align: right;\"><strong><a href=\"https:\/\/photos.app.goo.gl\/Qn5VuoytW26tfY6D3\">FOTOS<\/a><\/strong><\/p>\n<p style=\"text-align: right;\"><strong><a href=\"http:\/\/fcf.cat\/acta\/1718\/futbol-11\/primera-catalana\/grup-1\/1cat\/manresa-ce-a\/1cat\/fundacio-esportiva-grama-a\">ACTA DEL PARTIT<\/a><\/strong><\/p>\n<p style=\"text-align: right;\"><strong><a href=\"http:\/\/fcf.cat\/classificacio\/1718\/futbol-11\/primera-catalana\/grup-1\">CLASSIFICACI\u00d3<\/a><\/strong><\/p>\n<p>&nbsp;<\/p>\n<p>La <strong>FE Grama<\/strong> sum\u00f3 una victoria muy importante por <strong>1-2<\/strong> ante el <strong>Cd&#8217;E Manresa<\/strong>. Tres puntos para ampliar su ventaja sobre el segundo en 11 puntos.<\/p>\n<p>Primera mitad en la que el<strong> Manresa<\/strong> tuvo la posesi\u00f3n de bal\u00f3n y recuperando pronto con una buena presi\u00f3n pero sin crear ning\u00fan peligro. La <strong>Grama<\/strong> se sent\u00eda c\u00f3moda sobre el c\u00e9sped y enlazaba jugadas de peligro con su juego habitual de tener la pelota y moverla r\u00e1pida. <strong>Lamin<\/strong> avis\u00f3 con un gol que fue anulado por fuera de juego.<\/p>\n<p>En el 12<strong> Crist\u00f3bal<\/strong> no fall\u00f3. Un centro de <strong>Buba<\/strong> fue despejado por un defensa y la pelota se fue atr\u00e1s quedando muerta al Pichichi que bat\u00eda al portero. El gui\u00f3n del partido no cambi\u00f3 pese al <strong>0-1<\/strong>.<strong> Lamin<\/strong> de cabeza tuvo el segundo pero el portero reaccion\u00f3 con un parad\u00f3n y tambi\u00e9n la tendr\u00eda <strong>Buba<\/strong> en carrera.<\/p>\n<p>Finalmente en el 43 un contraataque iniciado por<strong> Lamin<\/strong>, lo finalizaron <strong>Crist\u00f3bal<\/strong> asistiendo a <strong>Buba<\/strong> que en el 1 contra 1 defin\u00eda a gol. Tras el <strong>0-2<\/strong> llegar\u00eda el \u00fanico chute local, pero desviado, justo antes del descanso. Comenz\u00f3 la segunda mitad sin cambios y con el Manresa apretando. Un disparo arriba y poco despu\u00e9s una parada de <strong>Texeira<\/strong> fueron los avisos antes del gol.<\/p>\n<p>A los 72 minutos <strong>Mar\u00e7al<\/strong> desde fuera del \u00e1rea marcaba un golazo acercando a su equipo en el marcador. Ataques y m\u00e1s ataques locales en una parte dominada por ellos ante una Grama que se defend\u00eda, con un estelar <strong>Juan Carlos<\/strong> en defensa.<\/p>\n<p>Los colomenses pudieron cerrar el partido al contraataque primero con un chute de <strong>Buba<\/strong> arriba y m\u00e1s tarde en un contraataque de <strong>Portavella<\/strong> con chute de<strong> Miguel<\/strong> a las manos del portero. El Manresa tuvo el empate en un c\u00f3rner, y apretaron hasta el final colgando balones pero sin poder derribar el muro azul\u00f3n.<\/p>\n","protected":false},"excerpt":{"rendered":"<p>La FE Grama va sumar una vict\u00f2ria molt important per 1-2 davant el Cd&#8217;E Manresa. Tres punts per ampliar el seu avantatge sobre el segon en 11 punts a falta de 9 jornades per al final. Primera meitat en qu\u00e8 el Manresa va tenir la possessi\u00f3 de pilota i recuperant aviat amb una bona pressi\u00f3 [&hellip;]<\/p>\n","protected":false},"author":1,"featured_media":23620,"comment_status":"closed","ping_status":"closed","sticky":false,"template":"","format":"standard","meta":{"footnotes":""},"categories":[4,5],"tags":[1105,24,320,1151],"class_list":["post-23616","post","type-post","status-publish","format-standard","has-post-thumbnail","hentry","category-base-inclusiu","category-primer-equip","tag-ce-manresa","tag-fundacio-esportiva-grama","tag-grama","tag-primera-catalana"],"_links":{"self":[{"href":"http:\/\/fegrama.cat\/web\/wp-json\/wp\/v2\/posts\/23616","targetHints":{"allow":["GET"]}}],"collection":[{"href":"http:\/\/fegrama.cat\/web\/wp-json\/wp\/v2\/posts"}],"about":[{"href":"http:\/\/fegrama.cat\/web\/wp-json\/wp\/v2\/types\/post"}],"author":[{"embeddable":true,"href":"http:\/\/fegrama.cat\/web\/wp-json\/wp\/v2\/users\/1"}],"replies":[{"embeddable":true,"href":"http:\/\/fegrama.cat\/web\/wp-json\/wp\/v2\/comments?post=23616"}],"version-history":[{"count":3,"href":"http:\/\/fegrama.cat\/web\/wp-json\/wp\/v2\/posts\/23616\/revisions"}],"predecessor-version":[{"id":23621,"href":"http:\/\/fegrama.cat\/web\/wp-json\/wp\/v2\/posts\/23616\/revisions\/23621"}],"wp:featuredmedia":[{"embeddable":true,"href":"http:\/\/fegrama.cat\/web\/wp-json\/wp\/v2\/media\/23620"}],"wp:attachment":[{"href":"http:\/\/fegrama.cat\/web\/wp-json\/wp\/v2\/media?parent=23616"}],"wp:term":[{"taxonomy":"category","embeddable":true,"href":"http:\/\/fegrama.cat\/web\/wp-json\/wp\/v2\/categories?post=23616"},{"taxonomy":"post_tag","embeddable":true,"href":"http:\/\/fegrama.cat\/web\/wp-json\/wp\/v2\/tags?post=23616"}],"curies":[{"name":"wp","href":"https:\/\/api.w.org\/{rel}","templated":true}]}}