{"id":23614,"date":"2018-03-17T23:08:20","date_gmt":"2018-03-17T22:08:20","guid":{"rendered":"http:\/\/fegrama.cat\/web\/?p=23614"},"modified":"2018-03-17T23:08:20","modified_gmt":"2018-03-17T22:08:20","slug":"lalevi-benjami-va-golejar-a-badalona","status":"publish","type":"post","link":"http:\/\/fegrama.cat\/web\/lalevi-benjami-va-golejar-a-badalona\/","title":{"rendered":"L&#8217;Alev\u00ed-Benjam\u00ed va golejar a Badalona"},"content":{"rendered":"<p>L&#8217;Alev\u00ed-Benjam\u00ed va golejar 1-8 al CE Seagull.<\/p>\n<p>Primer quart molt dur per a la Grama que els nervis els van jugar una mala passada, res els sortia i el seu rival estava lluitant molt i creava molt perill. Malgrat tot van ser les colomenques qui van obrir el marcador en el moment adequat i a partir de l&#8217;0-1 van arribar m\u00e9s.<\/p>\n<p>No va ser el millor partit de la Fundaci\u00f3 per\u00f2 novament van jugar for\u00e7a b\u00e9 tenint en compte que jugaven en un camp molt petit i amb molt poc espai per poder jugar amb tranquil\u00b7litat.<\/p>\n<div><a href=\"http:\/\/fegrama.cat\/web\/wp-content\/uploads\/2017\/10\/aleben1718.jpg\"><img loading=\"lazy\" decoding=\"async\" class=\"aligncenter\" src=\"http:\/\/fegrama.cat\/web\/wp-content\/uploads\/2017\/10\/aleben1718-1024x768.jpg\" alt=\"aleben1718\" width=\"618\" height=\"463\" \/><\/a><\/div>\n<div><\/div>\n<div>El Alev\u00edn-Benjam\u00edn gole\u00f3 1-8 al CE Seagull.<\/div>\n<div><\/div>\n<div>Primer cuarto muy duro para la Grama que los nervios les jugaron una mala pasada, nada les sal\u00eda y su rival estaba luchando mucho y creaba mucho peligro. Pese a todo fueron las colomenses quienes abrieron el marcador en el momento adecuado y a partir del 0-1 llegaron m\u00e1s.<\/div>\n<div><\/div>\n<div>No fue el mejor partido de la Fundaci\u00f3 pero nuevamente jugaron bastante bien teniendo en cuenta que jugaban en un campo muy peque\u00f1o y con muy poco espacio para poder jugar con tranquilidad.<\/div>\n","protected":false},"excerpt":{"rendered":"<p>L&#8217;Alev\u00ed-Benjam\u00ed va golejar 1-8 al CE Seagull. Primer quart molt dur per a la Grama que els nervis els van jugar una mala passada, res els sortia i el seu rival estava lluitant molt i creava molt perill. Malgrat tot van ser les colomenques qui van obrir el marcador en el moment adequat i a [&hellip;]<\/p>\n","protected":false},"author":1,"featured_media":22144,"comment_status":"closed","ping_status":"closed","sticky":false,"template":"","format":"standard","meta":{"footnotes":""},"categories":[4,13],"tags":[],"class_list":["post-23614","post","type-post","status-publish","format-standard","has-post-thumbnail","hentry","category-base-inclusiu","category-femeni"],"_links":{"self":[{"href":"http:\/\/fegrama.cat\/web\/wp-json\/wp\/v2\/posts\/23614","targetHints":{"allow":["GET"]}}],"collection":[{"href":"http:\/\/fegrama.cat\/web\/wp-json\/wp\/v2\/posts"}],"about":[{"href":"http:\/\/fegrama.cat\/web\/wp-json\/wp\/v2\/types\/post"}],"author":[{"embeddable":true,"href":"http:\/\/fegrama.cat\/web\/wp-json\/wp\/v2\/users\/1"}],"replies":[{"embeddable":true,"href":"http:\/\/fegrama.cat\/web\/wp-json\/wp\/v2\/comments?post=23614"}],"version-history":[{"count":1,"href":"http:\/\/fegrama.cat\/web\/wp-json\/wp\/v2\/posts\/23614\/revisions"}],"predecessor-version":[{"id":23615,"href":"http:\/\/fegrama.cat\/web\/wp-json\/wp\/v2\/posts\/23614\/revisions\/23615"}],"wp:featuredmedia":[{"embeddable":true,"href":"http:\/\/fegrama.cat\/web\/wp-json\/wp\/v2\/media\/22144"}],"wp:attachment":[{"href":"http:\/\/fegrama.cat\/web\/wp-json\/wp\/v2\/media?parent=23614"}],"wp:term":[{"taxonomy":"category","embeddable":true,"href":"http:\/\/fegrama.cat\/web\/wp-json\/wp\/v2\/categories?post=23614"},{"taxonomy":"post_tag","embeddable":true,"href":"http:\/\/fegrama.cat\/web\/wp-json\/wp\/v2\/tags?post=23614"}],"curies":[{"name":"wp","href":"https:\/\/api.w.org\/{rel}","templated":true}]}}