{"id":23612,"date":"2018-03-16T22:14:50","date_gmt":"2018-03-16T21:14:50","guid":{"rendered":"http:\/\/fegrama.cat\/web\/?p=23612"},"modified":"2018-04-09T17:40:55","modified_gmt":"2018-04-09T16:40:55","slug":"comunicat-oficial-dimissio-j-ramon-carranza","status":"publish","type":"post","link":"http:\/\/fegrama.cat\/web\/comunicat-oficial-dimissio-j-ramon-carranza\/","title":{"rendered":"COMUNICAT OFICIAL: dimissi\u00f3 J. Ram\u00f3n Carranza"},"content":{"rendered":"<p><a href=\"http:\/\/fegrama.cat\/web\/wp-content\/uploads\/2016\/06\/ramon1.jpg\"><img loading=\"lazy\" decoding=\"async\" class=\"aligncenter  wp-image-16971\" src=\"http:\/\/fegrama.cat\/web\/wp-content\/uploads\/2016\/06\/ramon1-1024x641.jpg\" alt=\"\" width=\"450\" height=\"282\" srcset=\"http:\/\/fegrama.cat\/web\/wp-content\/uploads\/2016\/06\/ramon1-1024x641.jpg 1024w, http:\/\/fegrama.cat\/web\/wp-content\/uploads\/2016\/06\/ramon1-300x187.jpg 300w, http:\/\/fegrama.cat\/web\/wp-content\/uploads\/2016\/06\/ramon1.jpg 1280w\" sizes=\"auto, (max-width: 450px) 100vw, 450px\" \/><\/a><\/p>\n<p><strong>Amb el text de comiat que ens envia J. Ram\u00f3n Carranza i publiquem a continuaci\u00f3, volem dessitjar-li molta sort i moltes gr\u00e0cies pels serveis prestats durant aquesta anys.<\/strong><\/p>\n<p><em>Per motius personals i professionals deixo de ser, de manera immediata, coordinador de la FE Grama. No puc m\u00e9s que agrair a la directiva, personalitzada en el seu president al que considero m\u00e9s que un amic, a tots els entrenadors i col\u00b7laboradors que t\u00e9 el club, que estan fent una feina encomiable i que est\u00e0 portant a l&#8217;entitat a un altre nivell en un temps r\u00e8cord, el temps que he passat bra\u00e7 a bra\u00e7 amb ells. No \u00e9s un ad\u00e9u, \u00e9s un fins despr\u00e9s, perqu\u00e8 sempre em tindran aqu\u00ed sigui veient un partit o col\u00b7laborant de la manera que sigui necess\u00e0ria a l&#8217;entitat. Aqu\u00ed hi ha un aficionat m\u00e9s i m&#8217;acomiado com no podia ser d&#8217;una altra manera. For\u00e7a Grama!<\/em><\/p>\n<p>[divider]<\/p>\n<p><strong>Con el texto de despedida que nos env\u00eda J. Ram\u00f3n Carranza y publicamos a continuaci\u00f3n, queremos desear mucha suerte y muchas gracias por los servicios prestados durante estos a\u00f1os.<\/strong><\/p>\n<p><em>Por motivos personales y profesionales dejo de ser, de manera inmediata, coordinador de la FE Grama. No puedo m\u00e1s que agradecer a la directiva, personalizada en su presidente al que considero m\u00e1s que un amigo, a todos los entrenadores y colaboradores que tiene el club, que est\u00e1n haciendo un trabajo encomiable y que est\u00e1 llevando a la entidad a otro nivel en un tiempo r\u00e9cord, el tiempo que he pasado codo con codo con ellos. No es un adi\u00f3s, es un hasta luego, porque siempre me van a tener ah\u00ed sea viendo un partido o colaborando de la forma que sea necesaria a la entidad. Aqu\u00ed hay un aficionado m\u00e1s y me despido como no pod\u00eda ser de otra forma. For\u00e7a Grama!<\/em><\/p>\n","protected":false},"excerpt":{"rendered":"<p>Amb el text de comiat que ens envia J. Ram\u00f3n Carranza i publiquem a continuaci\u00f3, volem dessitjar-li molta sort i moltes gr\u00e0cies pels serveis prestats durant aquesta anys. Per motius personals i professionals deixo de ser, de manera immediata, coordinador de la FE Grama. No puc m\u00e9s que agrair a la directiva, personalitzada en el [&hellip;]<\/p>\n","protected":false},"author":1,"featured_media":20975,"comment_status":"closed","ping_status":"closed","sticky":false,"template":"","format":"standard","meta":{"footnotes":""},"categories":[14],"tags":[24,320],"class_list":["post-23612","post","type-post","status-publish","format-standard","has-post-thumbnail","hentry","category-noticies","tag-fundacio-esportiva-grama","tag-grama"],"_links":{"self":[{"href":"http:\/\/fegrama.cat\/web\/wp-json\/wp\/v2\/posts\/23612","targetHints":{"allow":["GET"]}}],"collection":[{"href":"http:\/\/fegrama.cat\/web\/wp-json\/wp\/v2\/posts"}],"about":[{"href":"http:\/\/fegrama.cat\/web\/wp-json\/wp\/v2\/types\/post"}],"author":[{"embeddable":true,"href":"http:\/\/fegrama.cat\/web\/wp-json\/wp\/v2\/users\/1"}],"replies":[{"embeddable":true,"href":"http:\/\/fegrama.cat\/web\/wp-json\/wp\/v2\/comments?post=23612"}],"version-history":[{"count":1,"href":"http:\/\/fegrama.cat\/web\/wp-json\/wp\/v2\/posts\/23612\/revisions"}],"predecessor-version":[{"id":23613,"href":"http:\/\/fegrama.cat\/web\/wp-json\/wp\/v2\/posts\/23612\/revisions\/23613"}],"wp:featuredmedia":[{"embeddable":true,"href":"http:\/\/fegrama.cat\/web\/wp-json\/wp\/v2\/media\/20975"}],"wp:attachment":[{"href":"http:\/\/fegrama.cat\/web\/wp-json\/wp\/v2\/media?parent=23612"}],"wp:term":[{"taxonomy":"category","embeddable":true,"href":"http:\/\/fegrama.cat\/web\/wp-json\/wp\/v2\/categories?post=23612"},{"taxonomy":"post_tag","embeddable":true,"href":"http:\/\/fegrama.cat\/web\/wp-json\/wp\/v2\/tags?post=23612"}],"curies":[{"name":"wp","href":"https:\/\/api.w.org\/{rel}","templated":true}]}}