{"id":23602,"date":"2018-03-15T12:34:23","date_gmt":"2018-03-15T11:34:23","guid":{"rendered":"http:\/\/fegrama.cat\/web\/?p=23602"},"modified":"2018-03-15T12:34:23","modified_gmt":"2018-03-15T11:34:23","slug":"el-rival-de-la-jornada-ce-manresa","status":"publish","type":"post","link":"http:\/\/fegrama.cat\/web\/el-rival-de-la-jornada-ce-manresa\/","title":{"rendered":"El rival de la jornada: CE Manresa"},"content":{"rendered":"<p><strong>Centre d&#8217;Esports Manresa<\/strong> va ser fundat en 1906.<\/p>\n<p>Quarta temporada consecutiva a Primera Catalana, com a totes busquen l&#8217;ascens a Tercera Divisi\u00f3. \u00c9s cert que el curs passat van patir per mantenir la categoria. 40 temporades a Tercera, 2 vegades campi\u00f3 de la Copa Generalitat (antiga Copa Catalunya), 1 vegada campi\u00f3 de la Copa Catalunya Amateur i 1 vegada campi\u00f3 de Tercera.<\/p>\n<p><strong>Entrenador:<\/strong> Daniel Andreu.<\/p>\n<p><strong>Segon classificat<\/strong> de la lliga amb 46 punts en el seu caseller. Acumulen dues derrotes consecutives. Es tracta del segon equip que menys gols ha encaixat (17) i d&#8217;un dels m\u00e9s golejadors (37) amb Brian Canalejo com a m\u00e0xim golejador (12). Com a locals s\u00f3n molt irregulars<em> (4 vict\u00f2ries, 2 empats i 5 derrotes)<\/em>.<\/p>\n<p><strong>Primera volta:<\/strong> Jornada 8 \/ FE Grama 0-1 CE Manresa <em>(0-1 Manel Sala, 56&#8242;)<\/em><\/p>\n<p>&nbsp;<\/p>\n<p><a href=\"http:\/\/fegrama.cat\/web\/wp-content\/uploads\/2018\/03\/CE-Manresa.jpg\"><img loading=\"lazy\" decoding=\"async\" class=\"aligncenter size-full wp-image-23603\" src=\"http:\/\/fegrama.cat\/web\/wp-content\/uploads\/2018\/03\/CE-Manresa.jpg\" alt=\"\" width=\"204\" height=\"247\" \/><\/a><\/p>\n<p><strong>Centre d&#8217;Esports Manresa <\/strong>fue fundado en 1906.<\/p>\n<p>Cuarta temporada consecutiva en Primera Catalana, como en todas buscan el ascenso a Tercera Divisi\u00f3n. Cierto es que el curso pasado sufrieron para mantener la categor\u00eda. 40 temporadas en Tercera, 2 veces campe\u00f3n de la Copa Generalitat (antigua Copa Catalunya), 1 vez campe\u00f3n de la Copa Catalunya Amateur y 1 vez campe\u00f3n de Tercera.<\/p>\n<p><strong>Entrenador:<\/strong>\u00a0Daniel Andreu.<\/p>\n<p><strong>Segundo clasificado<\/strong>\u00a0de la liga con 46 puntos en su casillero. Acumulan dos derrotas consecutivas. Se trata del segundo equipo que menos goles ha encajado (17) y de uno de los m\u00e1s goleadores (37) con Brian Canalejo como m\u00e1ximo goleador (12). Como locales son muy irregulares <em>(4 victorias, 2 empates y 5 derrotas)<\/em>.<\/p>\n<p><b>Primera vuelta:\u00a0<\/b>Jornada 8 \/ FE Grama 0-1 CE Manresa <em>(0-1 Manel Sala, 56&#8242;)<\/em><\/p>\n","protected":false},"excerpt":{"rendered":"<p>Centre d&#8217;Esports Manresa va ser fundat en 1906. Quarta temporada consecutiva a Primera Catalana, com a totes busquen l&#8217;ascens a Tercera Divisi\u00f3. \u00c9s cert que el curs passat van patir per mantenir la categoria. 40 temporades a Tercera, 2 vegades campi\u00f3 de la Copa Generalitat (antiga Copa Catalunya), 1 vegada campi\u00f3 de la Copa Catalunya [&hellip;]<\/p>\n","protected":false},"author":1,"featured_media":23603,"comment_status":"closed","ping_status":"closed","sticky":false,"template":"","format":"standard","meta":{"footnotes":""},"categories":[4,5],"tags":[],"class_list":["post-23602","post","type-post","status-publish","format-standard","has-post-thumbnail","hentry","category-base-inclusiu","category-primer-equip"],"_links":{"self":[{"href":"http:\/\/fegrama.cat\/web\/wp-json\/wp\/v2\/posts\/23602","targetHints":{"allow":["GET"]}}],"collection":[{"href":"http:\/\/fegrama.cat\/web\/wp-json\/wp\/v2\/posts"}],"about":[{"href":"http:\/\/fegrama.cat\/web\/wp-json\/wp\/v2\/types\/post"}],"author":[{"embeddable":true,"href":"http:\/\/fegrama.cat\/web\/wp-json\/wp\/v2\/users\/1"}],"replies":[{"embeddable":true,"href":"http:\/\/fegrama.cat\/web\/wp-json\/wp\/v2\/comments?post=23602"}],"version-history":[{"count":2,"href":"http:\/\/fegrama.cat\/web\/wp-json\/wp\/v2\/posts\/23602\/revisions"}],"predecessor-version":[{"id":23605,"href":"http:\/\/fegrama.cat\/web\/wp-json\/wp\/v2\/posts\/23602\/revisions\/23605"}],"wp:featuredmedia":[{"embeddable":true,"href":"http:\/\/fegrama.cat\/web\/wp-json\/wp\/v2\/media\/23603"}],"wp:attachment":[{"href":"http:\/\/fegrama.cat\/web\/wp-json\/wp\/v2\/media?parent=23602"}],"wp:term":[{"taxonomy":"category","embeddable":true,"href":"http:\/\/fegrama.cat\/web\/wp-json\/wp\/v2\/categories?post=23602"},{"taxonomy":"post_tag","embeddable":true,"href":"http:\/\/fegrama.cat\/web\/wp-json\/wp\/v2\/tags?post=23602"}],"curies":[{"name":"wp","href":"https:\/\/api.w.org\/{rel}","templated":true}]}}