{"id":23587,"date":"2018-03-15T11:24:55","date_gmt":"2018-03-15T10:24:55","guid":{"rendered":"http:\/\/fegrama.cat\/web\/?p=23587"},"modified":"2018-03-15T11:24:55","modified_gmt":"2018-03-15T10:24:55","slug":"previes-dels-equips-cadets-17-i-18-de-marc","status":"publish","type":"post","link":"http:\/\/fegrama.cat\/web\/previes-dels-equips-cadets-17-i-18-de-marc\/","title":{"rendered":"Pr\u00e8vies dels equips Cadets (17 i 18 de mar\u00e7)"},"content":{"rendered":"<p><strong>CADET B<\/strong><\/p>\n<p>L\u2019equip dirigit per Paco Tamudo\u00a0jugar\u00e0 a casa dissabte a les 14:30 hores davant la Unificaci\u00f3 Llefi\u00e0 B.<\/p>\n<p>El equipo dirigido por Paco Tamudo jugar\u00e1 en casa el s\u00e1bado a las 14:30 horas ante la Unificaci\u00f3n Llefi\u00e0 B.<\/p>\n<div class=\"clear\">\n<div class=\"clear\">\n<div class=\"clear\">\n<div class=\"clear\">\n<div class=\"clear\">\n<div class=\"clear\">[divider]<\/div>\n<\/div>\n<\/div>\n<\/div>\n<\/div>\n<\/div>\n<p><strong>CADET C<\/strong><\/p>\n<p>Els nois de Cristi\u00e1n Rodr\u00edguez juguen al Municipal Can Caralleu el dissabte a les 16:30 hores per a enfrontar-se al CP Sarri\u00e0 C.<\/p>\n<p>Los chicos de Cristi\u00e1n Rodr\u00edguez juegan en el Municipal Can Caralleu el s\u00e1bado a las 16:30 horas para enfrentarse al CP Sarri\u00e0 C.<\/p>\n<div class=\"clear\">\n<div class=\"clear\">\n<div class=\"clear\">\n<div class=\"clear\">[divider]<\/div>\n<\/div>\n<\/div>\n<\/div>\n<p><strong>CADET D<\/strong><\/p>\n<p>L\u2019equip de Joel Pradenas t\u00e9 partit\u00a0al Municipal de Les Oliveres el domingo a las 11:45 horas ante el CE La Salle Bonanova C.<\/p>\n<p>El equipo de Joel Pradenas tiene partido\u00a0en\u00a0el Municipal de Les Oliveres el domingo a las 11:45 horas ante el CE La Salle Bonanova C.<\/p>\n<div class=\"clear\">\n<div class=\"clear\">[divider]<\/div>\n<\/div>\n<p><strong>CADET E<\/strong><\/p>\n<p>Els nois de Dani Anguita juguen a Badalona dissabte a les 16:30 hores davant el CF Unificaci\u00f3n Llefi\u00e0 C.<\/p>\n<p>Los chicos de Dani Anguita juegan en Badalona el s\u00e1bado a las 16:30 horas ante el CF Unificaci\u00f3n Llefi\u00e0 C.<\/p>\n","protected":false},"excerpt":{"rendered":"<p>CADET B L\u2019equip dirigit per Paco Tamudo\u00a0jugar\u00e0 a casa dissabte a les 14:30 hores davant la Unificaci\u00f3 Llefi\u00e0 B. El equipo dirigido por Paco Tamudo jugar\u00e1 en casa el s\u00e1bado a las 14:30 horas ante la Unificaci\u00f3n Llefi\u00e0 B. [divider] CADET C Els nois de Cristi\u00e1n Rodr\u00edguez juguen al Municipal Can Caralleu el dissabte a [&hellip;]<\/p>\n","protected":false},"author":1,"featured_media":5639,"comment_status":"closed","ping_status":"closed","sticky":false,"template":"","format":"standard","meta":{"footnotes":""},"categories":[4,7],"tags":[],"class_list":["post-23587","post","type-post","status-publish","format-standard","has-post-thumbnail","hentry","category-base-inclusiu","category-cadets"],"_links":{"self":[{"href":"http:\/\/fegrama.cat\/web\/wp-json\/wp\/v2\/posts\/23587","targetHints":{"allow":["GET"]}}],"collection":[{"href":"http:\/\/fegrama.cat\/web\/wp-json\/wp\/v2\/posts"}],"about":[{"href":"http:\/\/fegrama.cat\/web\/wp-json\/wp\/v2\/types\/post"}],"author":[{"embeddable":true,"href":"http:\/\/fegrama.cat\/web\/wp-json\/wp\/v2\/users\/1"}],"replies":[{"embeddable":true,"href":"http:\/\/fegrama.cat\/web\/wp-json\/wp\/v2\/comments?post=23587"}],"version-history":[{"count":1,"href":"http:\/\/fegrama.cat\/web\/wp-json\/wp\/v2\/posts\/23587\/revisions"}],"predecessor-version":[{"id":23588,"href":"http:\/\/fegrama.cat\/web\/wp-json\/wp\/v2\/posts\/23587\/revisions\/23588"}],"wp:featuredmedia":[{"embeddable":true,"href":"http:\/\/fegrama.cat\/web\/wp-json\/wp\/v2\/media\/5639"}],"wp:attachment":[{"href":"http:\/\/fegrama.cat\/web\/wp-json\/wp\/v2\/media?parent=23587"}],"wp:term":[{"taxonomy":"category","embeddable":true,"href":"http:\/\/fegrama.cat\/web\/wp-json\/wp\/v2\/categories?post=23587"},{"taxonomy":"post_tag","embeddable":true,"href":"http:\/\/fegrama.cat\/web\/wp-json\/wp\/v2\/tags?post=23587"}],"curies":[{"name":"wp","href":"https:\/\/api.w.org\/{rel}","templated":true}]}}