{"id":23576,"date":"2018-03-15T10:00:29","date_gmt":"2018-03-15T09:00:29","guid":{"rendered":"http:\/\/fegrama.cat\/web\/?p=23576"},"modified":"2018-03-15T10:00:29","modified_gmt":"2018-03-15T09:00:29","slug":"previes-dels-equips-alevins-17-i-18-de-marc","status":"publish","type":"post","link":"http:\/\/fegrama.cat\/web\/previes-dels-equips-alevins-17-i-18-de-marc\/","title":{"rendered":"Pr\u00e8vies dels equips Alevins (17 i 18 de mar\u00e7)"},"content":{"rendered":"<p><strong>ALEV\u00cd A<\/strong><\/p>\n<p>L\u2019equip dirigit per Adri\u00e1n M\u00e1rquez juga diumenge a les 10 hores al Municipal de la Grama davant el Racing Sarri\u00e0 CF.<\/p>\n<p>El equipo dirigido por Adri\u00e1n M\u00e1rquez juega el domingo a las 10 horas en el Municipal de la Grama ante el Racing Sarri\u00e0 CF.<\/p>\n<div>\n<div class=\"clear\">\n<div class=\"clear\">\n<div class=\"clear\">\n<div class=\"clear\">\n<div class=\"clear\">\n<div class=\"clear\">\n<div class=\"clear\">\n<div class=\"clear\">\n<div class=\"clear\">[divider]<\/div>\n<\/div>\n<\/div>\n<\/div>\n<\/div>\n<\/div>\n<\/div>\n<\/div>\n<\/div>\n<\/div>\n<p><strong>ALEV\u00cd B<\/strong><\/p>\n<p>L\u2019equip dirigit per Jacob Ferrer i Jordi Xatart juga dissabte a les 09 hores al Municipal de la Grama davant l&#8217;EF Matar\u00f3 C.<\/p>\n<p>El equipo dirigido por Jacob Ferrer y Jordi Xatart juega el s\u00e1bado a las 09 horas en el Municipal de la Grama ante la EF Matar\u00f3 C.<\/p>\n<div class=\"clear\">\n<div class=\"clear\">\n<div class=\"divider\">\n<div class=\"clear\">\n<div class=\"clear\">\n<div class=\"clear\">[divider]<\/div>\n<\/div>\n<\/div>\n<\/div>\n<\/div>\n<\/div>\n<p><strong>ALEV\u00cd C<\/strong><\/p>\n<p>Els nois de Christian Gonz\u00e1lez juguen dissabte a les 09 hores a Barcelona contra el CE La Salle Bonanova.<\/p>\n<p>Los chicos de Christian Gonz\u00e1lez juegan el s\u00e1bado a las 09 horas en Barcelona contra el CE La Salle Bonanova.<\/p>\n<p>[divider]<\/p>\n<p><strong>ALEV\u00cd D<\/strong><\/p>\n<p>L\u2019equip de Joan Salvador t\u00e9 partit al Municipal de la Grama el dissabte a les 90 hores davant l&#8217;Arrabal-Calaf de Gramenet.<\/p>\n<p>El equipo de Joan Salvador tiene partido en el Municipal de la Grama el s\u00e1bado a las 90 horas ante el Arrabal-Calaf de Gramenet.<\/p>\n<div>\n<div class=\"clear\">\n<div class=\"clear\">\n<div class=\"clear\">\n<div class=\"clear\">\n<div class=\"clear\">\n<div class=\"clear\">\n<div class=\"clear\">\n<div class=\"clear\">\n<div class=\"clear\">[divider]<\/div>\n<\/div>\n<\/div>\n<\/div>\n<\/div>\n<\/div>\n<\/div>\n<\/div>\n<\/div>\n<\/div>\n<p><strong>ALEV\u00cd E<\/strong><\/p>\n<p>Els nois de Weleson Da Silva juguen dissabte a les 12:45 hores al Municipal de Les Oliveres contra la Vila Ol\u00edmpica J.<\/p>\n<p>Los chicos de Weleson Da Silva\u00a0juegan el s\u00e1bado a las 12:45 horas al Municipal de Les Oliveres contra la Vila Ol\u00edmpica J.<\/p>\n<div class=\"clear\">\n<div class=\"clear\">\n<div class=\"clear\">\n<div class=\"clear\">\n<div class=\"clear\">\n<div class=\"clear\">\n<div class=\"clear\">\n<div class=\"clear\">\n<div class=\"clear\">[divider]<\/div>\n<\/div>\n<\/div>\n<\/div>\n<\/div>\n<\/div>\n<\/div>\n<\/div>\n<\/div>\n<p><strong>ALEV\u00cd F<\/strong><\/p>\n<p>Els nois de Juan Carlos Espinosa juguen dissabte a les 12:45 hores a Barcelona davant el CF Santa Eul\u00e0lia D.<\/p>\n<p>Los chicos de Juan Carlos Espinosa juegan el s\u00e1bado a las 12:45 horas en Barcelona ante el CF Santa Eul\u00e0lia D.<\/p>\n<p><a href=\"http:\/\/fegrama.cat\/web\/wp-content\/uploads\/2018\/01\/alevG.jpg\"><img loading=\"lazy\" decoding=\"async\" class=\"aligncenter size-full wp-image-22686\" src=\"http:\/\/fegrama.cat\/web\/wp-content\/uploads\/2018\/01\/alevG.jpg\" sizes=\"auto, (max-width: 529px) 100vw, 529px\" srcset=\"http:\/\/fegrama.cat\/web\/wp-content\/uploads\/2018\/01\/alevG.jpg 529w, http:\/\/fegrama.cat\/web\/wp-content\/uploads\/2018\/01\/alevG-300x295.jpg 300w, http:\/\/fegrama.cat\/web\/wp-content\/uploads\/2018\/01\/alevG-55x55.jpg 55w\" alt=\"\" width=\"529\" height=\"521\" \/><\/a><\/p>\n<p><strong>ALEV\u00cd G<\/strong><\/p>\n<p>Els nois de Daniel Zambrana juguen dissabte a les 12 hores al Municipal de Les Oliveres davant el CE PB Barcino D.<\/p>\n<p>Los chicos de Daniel Zambrana juegan el s\u00e1bado a las 12 horas al Municipal de Les Oliveres ante el CE PB Barcino D.<\/p>\n","protected":false},"excerpt":{"rendered":"<p>ALEV\u00cd A L\u2019equip dirigit per Adri\u00e1n M\u00e1rquez juga diumenge a les 10 hores al Municipal de la Grama davant el Racing Sarri\u00e0 CF. El equipo dirigido por Adri\u00e1n M\u00e1rquez juega el domingo a las 10 horas en el Municipal de la Grama ante el Racing Sarri\u00e0 CF. [divider] ALEV\u00cd B L\u2019equip dirigit per Jacob Ferrer [&hellip;]<\/p>\n","protected":false},"author":1,"featured_media":5887,"comment_status":"closed","ping_status":"closed","sticky":false,"template":"","format":"standard","meta":{"footnotes":""},"categories":[10,4],"tags":[],"class_list":["post-23576","post","type-post","status-publish","format-standard","has-post-thumbnail","hentry","category-alevins","category-base-inclusiu"],"_links":{"self":[{"href":"http:\/\/fegrama.cat\/web\/wp-json\/wp\/v2\/posts\/23576","targetHints":{"allow":["GET"]}}],"collection":[{"href":"http:\/\/fegrama.cat\/web\/wp-json\/wp\/v2\/posts"}],"about":[{"href":"http:\/\/fegrama.cat\/web\/wp-json\/wp\/v2\/types\/post"}],"author":[{"embeddable":true,"href":"http:\/\/fegrama.cat\/web\/wp-json\/wp\/v2\/users\/1"}],"replies":[{"embeddable":true,"href":"http:\/\/fegrama.cat\/web\/wp-json\/wp\/v2\/comments?post=23576"}],"version-history":[{"count":1,"href":"http:\/\/fegrama.cat\/web\/wp-json\/wp\/v2\/posts\/23576\/revisions"}],"predecessor-version":[{"id":23577,"href":"http:\/\/fegrama.cat\/web\/wp-json\/wp\/v2\/posts\/23576\/revisions\/23577"}],"wp:featuredmedia":[{"embeddable":true,"href":"http:\/\/fegrama.cat\/web\/wp-json\/wp\/v2\/media\/5887"}],"wp:attachment":[{"href":"http:\/\/fegrama.cat\/web\/wp-json\/wp\/v2\/media?parent=23576"}],"wp:term":[{"taxonomy":"category","embeddable":true,"href":"http:\/\/fegrama.cat\/web\/wp-json\/wp\/v2\/categories?post=23576"},{"taxonomy":"post_tag","embeddable":true,"href":"http:\/\/fegrama.cat\/web\/wp-json\/wp\/v2\/tags?post=23576"}],"curies":[{"name":"wp","href":"https:\/\/api.w.org\/{rel}","templated":true}]}}