{"id":23557,"date":"2018-03-11T22:47:57","date_gmt":"2018-03-11T21:47:57","guid":{"rendered":"http:\/\/fegrama.cat\/web\/?p=23557"},"modified":"2018-03-11T22:47:57","modified_gmt":"2018-03-11T21:47:57","slug":"derrota-del-juvenil-c-davant-el-segon-classificat","status":"publish","type":"post","link":"http:\/\/fegrama.cat\/web\/derrota-del-juvenil-c-davant-el-segon-classificat\/","title":{"rendered":"Derrota del Juvenil C davant el segon classificat"},"content":{"rendered":"<p>El Juvenil C va caure derrotat 0-3 davant la UD Gornal. Partit m\u00e9s igualat, contra el segon classificat, del que diu el marcador final.<\/p>\n<p>Primera part de bon joc de la Grama contra un rival que buscava l&#8217;esquena per aprofitar la velocitat de les seves puntes. En una de les poques vegades en qu\u00e8 no van inc\u00f3rrer en fora de joc arribaria el 0-1. Abans del descans els colomencs se&#8217;ls va resistir l&#8217;empat, Iv\u00e1n de falta va estavellar la pilota al travesser.<\/p>\n<p>A la segona meitat la Grama va millorar per\u00f2 el Gornal va marcar dos gols des de la llarga dist\u00e0ncia en poc temps. El 0-3 va ser una garrotada molt gran una Fundaci\u00f3 que fins al final del partit va fer un vull i no puc amb ocasions molt clares dels dos equips en un partit ja trencat.<\/p>\n<p>[divider]<\/p>\n<p>El Juvenil C cay\u00f3 derrotado 0-3 ante la UD Gornal.\u00a0Partido m\u00e1s igualado, contra el segundo clasificado, de lo que dice el marcador final.<\/p>\n<p>Primera parte de buen juego de la Grama ante un rival que buscaba la espalda para aprovechar la velocidad de sus puntas. En una de las pocas veces en las que no incurrieron en fuera de juego llegar\u00eda el 0-1. Antes del descanso a los colomenses se les resisti\u00f3 el empate, Iv\u00e1n de falta estrell\u00f3 el bal\u00f3n en el larguero.<\/p>\n<p>En la segunda mitad la Grama mejor\u00f3 pero el Gornal marc\u00f3 dos goles desde la larga distancia en poco tiempo. El 0-3 fue un varapalo muy grande una Fundaci\u00f3 que hasta el final del partido hizo un quiero y no puedo con ocasiones muy claras de los dos equipos en un partido ya roto.<\/p>\n","protected":false},"excerpt":{"rendered":"<p>El Juvenil C va caure derrotat 0-3 davant la UD Gornal. Partit m\u00e9s igualat, contra el segon classificat, del que diu el marcador final. Primera part de bon joc de la Grama contra un rival que buscava l&#8217;esquena per aprofitar la velocitat de les seves puntes. En una de les poques vegades en qu\u00e8 no [&hellip;]<\/p>\n","protected":false},"author":1,"featured_media":13084,"comment_status":"closed","ping_status":"closed","sticky":false,"template":"","format":"standard","meta":{"footnotes":""},"categories":[4,6],"tags":[],"class_list":["post-23557","post","type-post","status-publish","format-standard","has-post-thumbnail","hentry","category-base-inclusiu","category-juvenils"],"_links":{"self":[{"href":"http:\/\/fegrama.cat\/web\/wp-json\/wp\/v2\/posts\/23557","targetHints":{"allow":["GET"]}}],"collection":[{"href":"http:\/\/fegrama.cat\/web\/wp-json\/wp\/v2\/posts"}],"about":[{"href":"http:\/\/fegrama.cat\/web\/wp-json\/wp\/v2\/types\/post"}],"author":[{"embeddable":true,"href":"http:\/\/fegrama.cat\/web\/wp-json\/wp\/v2\/users\/1"}],"replies":[{"embeddable":true,"href":"http:\/\/fegrama.cat\/web\/wp-json\/wp\/v2\/comments?post=23557"}],"version-history":[{"count":1,"href":"http:\/\/fegrama.cat\/web\/wp-json\/wp\/v2\/posts\/23557\/revisions"}],"predecessor-version":[{"id":23558,"href":"http:\/\/fegrama.cat\/web\/wp-json\/wp\/v2\/posts\/23557\/revisions\/23558"}],"wp:featuredmedia":[{"embeddable":true,"href":"http:\/\/fegrama.cat\/web\/wp-json\/wp\/v2\/media\/13084"}],"wp:attachment":[{"href":"http:\/\/fegrama.cat\/web\/wp-json\/wp\/v2\/media?parent=23557"}],"wp:term":[{"taxonomy":"category","embeddable":true,"href":"http:\/\/fegrama.cat\/web\/wp-json\/wp\/v2\/categories?post=23557"},{"taxonomy":"post_tag","embeddable":true,"href":"http:\/\/fegrama.cat\/web\/wp-json\/wp\/v2\/tags?post=23557"}],"curies":[{"name":"wp","href":"https:\/\/api.w.org\/{rel}","templated":true}]}}