{"id":23515,"date":"2018-03-12T10:16:55","date_gmt":"2018-03-12T09:16:55","guid":{"rendered":"http:\/\/fegrama.cat\/web\/?p=23515"},"modified":"2018-03-12T10:16:55","modified_gmt":"2018-03-12T09:16:55","slug":"resums-dels-equips-benjamins-10-i-11-de-marc","status":"publish","type":"post","link":"http:\/\/fegrama.cat\/web\/resums-dels-equips-benjamins-10-i-11-de-marc\/","title":{"rendered":"Resums dels equips Benjamins (10 i 11 de mar\u00e7)"},"content":{"rendered":"<p><a href=\"http:\/\/fegrama.cat\/web\/wp-content\/uploads\/2018\/01\/benA.jpeg\"><img loading=\"lazy\" decoding=\"async\" class=\"aligncenter wp-image-22728\" src=\"http:\/\/fegrama.cat\/web\/wp-content\/uploads\/2018\/01\/benA.jpeg\" sizes=\"auto, (max-width: 437px) 100vw, 437px\" srcset=\"http:\/\/fegrama.cat\/web\/wp-content\/uploads\/2018\/01\/benA.jpeg 675w, http:\/\/fegrama.cat\/web\/wp-content\/uploads\/2018\/01\/benA-300x209.jpeg 300w\" alt=\"\" width=\"437\" height=\"305\" \/><\/a><\/p>\n<p><strong>BENJAM\u00cd A 7-2 U.At.Horta<\/strong><\/p>\n<p>La Grama va guanyar amb contund\u00e8ncia amb una remuntada magistral. Els colomencs van tenir el domini absolut davant un Horta que esperava al contraatac. Despr\u00e9s de diverses ocasions locals serien els visitants els que s&#8217;avan\u00e7arien amb un gol de falta, i nom\u00e9s comen\u00e7ar el segon quart el Horta feia el 0-2. La Grama ho va seguir intentant i abans del descans C\u00e9sar escur\u00e7aria dist\u00e0ncies. A la segona meitat els colomencs no van perdonar i aix\u00ed com Biel anotaria l&#8217;empat, despr\u00e9s Omar posaria el doblet igual que Izan i Alan tancaria el partit.<\/p>\n<p>La Grama gan\u00f3 con contundencia con una remontada magistral. Los colomenses tuvieron el dominio absoluto ante un Horta que esperaba al contraataque. Tras varias ocasiones locales ser\u00edan los visitantes quienes se adelantar\u00edan con un gol de falta, y nada mas empezar el segundo cuarto el Horta hac\u00eda el 0-2. La Grama lo sigui\u00f3 intentando y antes del descanso C\u00e9sar acortar\u00eda distancias. En la segunda mitad los colomenses no perdonaron y as\u00ed como\u00a0Biel anotar\u00eda el empate, luego Omar pondr\u00eda el doblete igual que Izan y Alan cerrar\u00eda el partido.<\/p>\n<div>\n<div class=\"clear\">\n<div class=\"clear\">\n<div class=\"clear\">\n<div class=\"clear\">\n<div class=\"clear\">\n<div class=\"clear\">\n<div class=\"clear\">\n<div class=\"divider\">[divider]<\/div>\n<\/div>\n<\/div>\n<\/div>\n<\/div>\n<\/div>\n<\/div>\n<\/div>\n<\/div>\n<p><strong>BENJAM\u00cd B 3-3 CEF Gav\u00e0 B<\/strong><\/p>\n<p>Partit tens i molt disputat. Va ser el conjunt visitant qui es va avan\u00e7ar al marcador, poc despr\u00e9s va empatar la Grama. A escassos segons del descans arribaria el 1-2 del Gav\u00e0. A la segona meitat els colomencs van millorar el seu joc arribant a remuntar. Per\u00f2 l&#8217;alegria mica dur ja que en la jugada seg\u00fcent arribaria el 3-3.<\/p>\n<div>\n<div class=\"clear\">Partido tenso y muy disputado. Fue el conjunto visitante quien se adelant\u00f3 en el marcador, poco despu\u00e9s empat\u00f3 la Grama. A escasos segundos del descanso llegar\u00eda el 1-2 del Gav\u00e0. En la segunda mitad los colomenses mejoraron su juego llegando a remontar. Pero la alegr\u00eda poco duro pues en la jugada siguiente llegar\u00eda el 3-3.<\/div>\n<div><\/div>\n<div class=\"clear\"><a href=\"http:\/\/fegrama.cat\/web\/wp-content\/uploads\/2018\/01\/benC.jpg\"><img loading=\"lazy\" decoding=\"async\" class=\"aligncenter wp-image-22680\" src=\"http:\/\/fegrama.cat\/web\/wp-content\/uploads\/2018\/01\/benC.jpg\" sizes=\"auto, (max-width: 550px) 100vw, 550px\" srcset=\"http:\/\/fegrama.cat\/web\/wp-content\/uploads\/2018\/01\/benC.jpg 756w, http:\/\/fegrama.cat\/web\/wp-content\/uploads\/2018\/01\/benC-300x208.jpg 300w\" alt=\"\" width=\"550\" height=\"381\" \/><\/a><\/div>\n<\/div>\n<p><strong>BENJAM\u00cd C 1-6 EF Premier Barcelona B<\/strong><\/p>\n<p>Novament la Grama no va saber competir, l&#8217;actitud i predisposici\u00f3 dels jugadors no va ser bona. Els visitants van superar els colomencs en tots els duels.<\/p>\n<p>Nuevamente la Grama no supo competir, la actitud y predisposici\u00f3n de los jugadores no fue buena. Los visitantes superaron a los colomenses en todos los duelos.<\/p>\n<div>\n<div class=\"clear\"><a href=\"http:\/\/fegrama.cat\/web\/wp-content\/uploads\/2018\/01\/benD.jpg\"><img loading=\"lazy\" decoding=\"async\" class=\"aligncenter size-full wp-image-22684\" src=\"http:\/\/fegrama.cat\/web\/wp-content\/uploads\/2018\/01\/benD.jpg\" sizes=\"auto, (max-width: 649px) 100vw, 649px\" srcset=\"http:\/\/fegrama.cat\/web\/wp-content\/uploads\/2018\/01\/benD.jpg 649w, http:\/\/fegrama.cat\/web\/wp-content\/uploads\/2018\/01\/benD-300x224.jpg 300w\" alt=\"\" width=\"649\" height=\"484\" \/><\/a><\/div>\n<\/div>\n<p><strong>FPE Europa D 3-1 BENJAM\u00cd D<\/strong><\/p>\n<p>Partit molt renyit en qu\u00e8 el conjunt local va dominar per\u00f2 la Grama va estar a punt de treure un punt. La primera part va ser molt favorable a l&#8217;Europa que es va posar 2-0 amb dues jugades a pilota parada. A la segona part la Grama va millorar i Cheongyong va retallar dist\u00e0ncies. Els colomencs es van anar amunt buscant l&#8217;empat i van tenir les seves ocasions, per\u00f2 el que finalment va arribar va ser el tercer gol local al contraatac.<\/p>\n<p>Partido muy re\u00f1ido en el que el conjunto local domin\u00f3 pero la Grama estuvo cerca de sacar un punto. La primera parte fue muy favorable al Europa que se puso 2-0 con dos jugadas a bal\u00f3n parado. En la segunda parte la Grama mejor\u00f3 y Cheongyong recort\u00f3 distancias. Los colomenses se fueron arriba buscando el empate y tuvieron sus ocasiones, pero lo que finalmente lleg\u00f3 fue el tercer gol local al contraataque.<\/p>\n<div class=\"clear\">\n<div class=\"clear\">\n<div class=\"clear\">\n<div class=\"clear\">[divider]<\/div>\n<\/div>\n<\/div>\n<\/div>\n<p><strong>FC Zona Franca 4-2 BENJAM\u00cd E<\/strong><\/p>\n<p>Durant els tres primers quarts la Grama va ser superior al seu rival. No disposar de canvis acabaria perjudicant els colomencs que en l&#8217;\u00faltim quart van notar molt el cansament.<\/p>\n<p>Durante los tres primeros cuartos la Grama fue superior a su rival. No disponer de cambios acabar\u00eda perjudicando a los colomenses que en el \u00faltimo cuarto notaron mucho el cansancio.<\/p>\n<div class=\"clear\">\n<div class=\"clear\">\n<div class=\"clear\">\n<div class=\"clear\">\n<div class=\"clear\">\n<div class=\"clear\">\n<div class=\"clear\">\n<div class=\"clear\">[divider]<\/div>\n<\/div>\n<\/div>\n<\/div>\n<\/div>\n<\/div>\n<\/div>\n<\/div>\n<p><strong>BENJAM\u00cd G 4-17 CF Badalona E<\/strong><\/p>\n<p>Partit molt complicat per a la Grama davant el l\u00edder de la lliga. Malgrat el volumin\u00f3s resultat dels colomencs van fer un gran treball. Al descans van marxar 1-7 i fins al final els petits van seguir lluitant per\u00f2 sense sort davant un Badalona que el va posar molt dif\u00edcil.<\/p>\n<p>Partido muy complicado para la Grama ante el l\u00edder de la liga. Pese al abultado resultado los colomenses hicieron un gran trabajo. Al descanso se marcharon 1-7 y hasta el final los peque\u00f1os siguieron luchando pero sin suerte ante un Badalona que lo puso muy dif\u00edcil.<\/p>\n","protected":false},"excerpt":{"rendered":"<p>BENJAM\u00cd A 7-2 U.At.Horta La Grama va guanyar amb contund\u00e8ncia amb una remuntada magistral. Els colomencs van tenir el domini absolut davant un Horta que esperava al contraatac. Despr\u00e9s de diverses ocasions locals serien els visitants els que s&#8217;avan\u00e7arien amb un gol de falta, i nom\u00e9s comen\u00e7ar el segon quart el Horta feia el 0-2. [&hellip;]<\/p>\n","protected":false},"author":1,"featured_media":5908,"comment_status":"closed","ping_status":"closed","sticky":false,"template":"","format":"standard","meta":{"footnotes":""},"categories":[4,11],"tags":[],"class_list":["post-23515","post","type-post","status-publish","format-standard","has-post-thumbnail","hentry","category-base-inclusiu","category-benjamins"],"_links":{"self":[{"href":"http:\/\/fegrama.cat\/web\/wp-json\/wp\/v2\/posts\/23515","targetHints":{"allow":["GET"]}}],"collection":[{"href":"http:\/\/fegrama.cat\/web\/wp-json\/wp\/v2\/posts"}],"about":[{"href":"http:\/\/fegrama.cat\/web\/wp-json\/wp\/v2\/types\/post"}],"author":[{"embeddable":true,"href":"http:\/\/fegrama.cat\/web\/wp-json\/wp\/v2\/users\/1"}],"replies":[{"embeddable":true,"href":"http:\/\/fegrama.cat\/web\/wp-json\/wp\/v2\/comments?post=23515"}],"version-history":[{"count":4,"href":"http:\/\/fegrama.cat\/web\/wp-json\/wp\/v2\/posts\/23515\/revisions"}],"predecessor-version":[{"id":23568,"href":"http:\/\/fegrama.cat\/web\/wp-json\/wp\/v2\/posts\/23515\/revisions\/23568"}],"wp:featuredmedia":[{"embeddable":true,"href":"http:\/\/fegrama.cat\/web\/wp-json\/wp\/v2\/media\/5908"}],"wp:attachment":[{"href":"http:\/\/fegrama.cat\/web\/wp-json\/wp\/v2\/media?parent=23515"}],"wp:term":[{"taxonomy":"category","embeddable":true,"href":"http:\/\/fegrama.cat\/web\/wp-json\/wp\/v2\/categories?post=23515"},{"taxonomy":"post_tag","embeddable":true,"href":"http:\/\/fegrama.cat\/web\/wp-json\/wp\/v2\/tags?post=23515"}],"curies":[{"name":"wp","href":"https:\/\/api.w.org\/{rel}","templated":true}]}}