{"id":23247,"date":"2018-02-22T10:54:23","date_gmt":"2018-02-22T09:54:23","guid":{"rendered":"http:\/\/fegrama.cat\/web\/?p=23247"},"modified":"2018-02-22T10:54:23","modified_gmt":"2018-02-22T09:54:23","slug":"previes-dels-equips-prebenjamins-24-i-25-de-febrer","status":"publish","type":"post","link":"http:\/\/fegrama.cat\/web\/previes-dels-equips-prebenjamins-24-i-25-de-febrer\/","title":{"rendered":"Pr\u00e8vies dels equips Prebenjamins (24 i 25 de febrer)"},"content":{"rendered":"<p><strong>PREBENJAM\u00cd A<\/strong><\/p>\n<p>Els nois d\u2019Enric Ginesta tenen partit el diumenge a les 14 hores a Les Oliveres davant el FP CE J\u00fapiter.<\/p>\n<p>Los chicos de Enric Ginesta tienen partido el domingo a las 14 horas en Les Oliveres ante la FP CE J\u00fapiter.<\/p>\n<div>\n<div class=\"clear\">\n<div class=\"clear\">\n<div class=\"clear\">\n<div class=\"clear\">\n<div class=\"clear\">[divider]<\/div>\n<\/div>\n<\/div>\n<\/div>\n<\/div>\n<\/div>\n<p><strong>PREBENJAM\u00cd B<\/strong><\/p>\n<p>L\u2019equip d\u2019\u00c1lex Jim\u00e9nez juga dissabte a les 12:30 hores al Municipal Proven\u00e7ana davant la FE Hospitalet At.<\/p>\n<p>El equipo de \u00c1lex Jim\u00e9nez juega el s\u00e1bado a las 12:30 horas en el Municipal Proven\u00e7ana ante la FE Hospitalet At.<\/p>\n<div class=\"clear\">\n<div class=\"clear\">\n<div class=\"clear\">[divider]<\/div>\n<\/div>\n<\/div>\n<p><strong>PREBENJAM\u00cd C<\/strong><\/p>\n<p>La Grama juga el dissabte a las 12:45 horas al Municipal de Les Oliveres davant la PB Villaverde-Penitents B.<\/p>\n<p>La Grama juega el s\u00e1bado a las 12:45 horas en el Municipal de Les Oliveres ante la PB Villaverde-Penitents B.<\/p>\n<div>\n<div class=\"clear\">\n<div class=\"clear\">\n<div class=\"clear\">\n<div class=\"clear\">\n<div class=\"clear\">\n<div class=\"clear\">\u00a0[divider]<\/div>\n<\/div>\n<\/div>\n<\/div>\n<\/div>\n<\/div>\n<\/div>\n<p><strong>PREBENJAM\u00cd D<\/strong><\/p>\n<p>Els nois de Luis Manuel Heredia juguen al Municipal de Les Oliveres dissabte a les 13:15 hores davant el CF Lloreda D.<\/p>\n<p>Los chicos de Luis Manuel Heredia\u00a0juegan en el Municipal de Les Oliveres el s\u00e1bado a las 13:15 horas ante CF Lloreda D.<\/p>\n","protected":false},"excerpt":{"rendered":"<p>PREBENJAM\u00cd A Els nois d\u2019Enric Ginesta tenen partit el diumenge a les 14 hores a Les Oliveres davant el FP CE J\u00fapiter. Los chicos de Enric Ginesta tienen partido el domingo a las 14 horas en Les Oliveres ante la FP CE J\u00fapiter. [divider] PREBENJAM\u00cd B L\u2019equip d\u2019\u00c1lex Jim\u00e9nez juga dissabte a les 12:30 hores [&hellip;]<\/p>\n","protected":false},"author":1,"featured_media":5515,"comment_status":"closed","ping_status":"closed","sticky":false,"template":"","format":"standard","meta":{"footnotes":""},"categories":[4,12],"tags":[],"class_list":["post-23247","post","type-post","status-publish","format-standard","has-post-thumbnail","hentry","category-base-inclusiu","category-prebenjamins"],"_links":{"self":[{"href":"http:\/\/fegrama.cat\/web\/wp-json\/wp\/v2\/posts\/23247","targetHints":{"allow":["GET"]}}],"collection":[{"href":"http:\/\/fegrama.cat\/web\/wp-json\/wp\/v2\/posts"}],"about":[{"href":"http:\/\/fegrama.cat\/web\/wp-json\/wp\/v2\/types\/post"}],"author":[{"embeddable":true,"href":"http:\/\/fegrama.cat\/web\/wp-json\/wp\/v2\/users\/1"}],"replies":[{"embeddable":true,"href":"http:\/\/fegrama.cat\/web\/wp-json\/wp\/v2\/comments?post=23247"}],"version-history":[{"count":1,"href":"http:\/\/fegrama.cat\/web\/wp-json\/wp\/v2\/posts\/23247\/revisions"}],"predecessor-version":[{"id":23248,"href":"http:\/\/fegrama.cat\/web\/wp-json\/wp\/v2\/posts\/23247\/revisions\/23248"}],"wp:featuredmedia":[{"embeddable":true,"href":"http:\/\/fegrama.cat\/web\/wp-json\/wp\/v2\/media\/5515"}],"wp:attachment":[{"href":"http:\/\/fegrama.cat\/web\/wp-json\/wp\/v2\/media?parent=23247"}],"wp:term":[{"taxonomy":"category","embeddable":true,"href":"http:\/\/fegrama.cat\/web\/wp-json\/wp\/v2\/categories?post=23247"},{"taxonomy":"post_tag","embeddable":true,"href":"http:\/\/fegrama.cat\/web\/wp-json\/wp\/v2\/tags?post=23247"}],"curies":[{"name":"wp","href":"https:\/\/api.w.org\/{rel}","templated":true}]}}