{"id":23241,"date":"2018-02-22T09:51:03","date_gmt":"2018-02-22T08:51:03","guid":{"rendered":"http:\/\/fegrama.cat\/web\/?p=23241"},"modified":"2018-02-22T09:51:03","modified_gmt":"2018-02-22T08:51:03","slug":"previes-dels-equips-infantils-24-i-25-de-febrer","status":"publish","type":"post","link":"http:\/\/fegrama.cat\/web\/previes-dels-equips-infantils-24-i-25-de-febrer\/","title":{"rendered":"Pr\u00e8vies dels equips Infantils (24 i 25 de febrer)"},"content":{"rendered":"<p><a href=\"http:\/\/fegrama.cat\/web\/wp-content\/uploads\/2018\/01\/infA.jpg\"><img loading=\"lazy\" decoding=\"async\" class=\"aligncenter size-large wp-image-22689\" src=\"http:\/\/fegrama.cat\/web\/wp-content\/uploads\/2018\/01\/infA-1024x768.jpg\" sizes=\"auto, (max-width: 618px) 100vw, 618px\" srcset=\"http:\/\/fegrama.cat\/web\/wp-content\/uploads\/2018\/01\/infA-1024x768.jpg 1024w, http:\/\/fegrama.cat\/web\/wp-content\/uploads\/2018\/01\/infA-300x225.jpg 300w, http:\/\/fegrama.cat\/web\/wp-content\/uploads\/2018\/01\/infA-768x576.jpg 768w, http:\/\/fegrama.cat\/web\/wp-content\/uploads\/2018\/01\/infA.jpg 1498w\" alt=\"\" width=\"618\" height=\"464\" \/><\/a><\/p>\n<p><strong>INFANTIL A<\/strong><\/p>\n<p>L\u2019equip d\u2019Iv\u00e1n Cort\u00e9s i Brian Espinola juga diumenge a les 14 hores al Municipal davant la UD Cornell\u00e0 E.<\/p>\n<p>El equipo de Iv\u00e1n Cort\u00e9s y Brian Espinola juega el domingo a las 14 horas en el Municipal ante la UD Cornell\u00e0 E.<\/p>\n<div>\n<div class=\"clear\"><a href=\"http:\/\/fegrama.cat\/web\/wp-content\/uploads\/2017\/12\/infantil-B.jpg\"><img loading=\"lazy\" decoding=\"async\" class=\"aligncenter size-large wp-image-22591\" src=\"http:\/\/fegrama.cat\/web\/wp-content\/uploads\/2017\/12\/infantil-B-1024x768.jpg\" sizes=\"auto, (max-width: 618px) 100vw, 618px\" srcset=\"http:\/\/fegrama.cat\/web\/wp-content\/uploads\/2017\/12\/infantil-B-1024x768.jpg 1024w, http:\/\/fegrama.cat\/web\/wp-content\/uploads\/2017\/12\/infantil-B-300x225.jpg 300w, http:\/\/fegrama.cat\/web\/wp-content\/uploads\/2017\/12\/infantil-B-768x576.jpg 768w, http:\/\/fegrama.cat\/web\/wp-content\/uploads\/2017\/12\/infantil-B.jpg 1600w\" alt=\"\" width=\"618\" height=\"464\" \/><\/a><\/div>\n<\/div>\n<p><strong>INFANTIL B<\/strong><\/p>\n<p>L\u2019equip dirigit per Kevin P\u00e9rez juguen dissabte a les 14:15 hores a l&#8217;Escola Industrial davant la UB Catalonia.<\/p>\n<p>El equipo dirigido por Kevin P\u00e9rez juega el s\u00e1bado a las 14:15 horas en la Escuela Industrial ante la UB Catalonia.<\/p>\n<div>\n<div class=\"clear\">\n<div class=\"divider\">\n<div class=\"clear\">\n<div class=\"clear\">\n<div class=\"divider\">\n<div class=\"clear\">[divider]<\/div>\n<\/div>\n<\/div>\n<\/div>\n<\/div>\n<\/div>\n<\/div>\n<p><strong>INFANTIL C<\/strong><\/p>\n<p>La Grama visitar\u00e0 el Camp de Futbol UB Esports el dissabte a les 10 hores per enfrontar-se al Racing Sarri\u00e0 CF.<\/p>\n<p>La Grama visitar\u00e1 el Camp de Futbol UB Esports el s\u00e1bado a las 10 horas para enfrentarse al Racing Sarri\u00e0 CF.<\/p>\n<div class=\"divider\">\n<div class=\"clear\">\n<div class=\"clear\">\n<div class=\"divider\">\n<div class=\"clear\">[divider]<\/div>\n<\/div>\n<\/div>\n<\/div>\n<\/div>\n<p><strong>INFANTIL D<\/strong><\/p>\n<p>L\u2019equip de Juan Antonio Abril juga dissabte a les 11 hores a Les Oliveres davant el CE Congr\u00e9s B.<\/p>\n<p>El equipo de Juan Antonio Abril juega el s\u00e1bado a las 11 horas en Les Oliveres ante el CE Congr\u00e9s B.<\/p>\n<div>\n<div class=\"divider\">\n<div class=\"divider\">\n<div class=\"clear\">\n<div class=\"divider\">\n<div class=\"clear\">\n<div class=\"clear\">[divider]<\/div>\n<\/div>\n<\/div>\n<\/div>\n<\/div>\n<\/div>\n<\/div>\n<p><strong>INFANTIL E<\/strong><\/p>\n<p>Els nois de Jos\u00e9 Mar\u00eda Tiz\u00f3n juguen dissabte a les 10:30 hores al Municipal de la Grama davant la UE Vilassar de Mar.<\/p>\n<p>Los chicos de Jos\u00e9 Mar\u00eda Tiz\u00f3n juegan el s\u00e1bado a las 10:30 horas en el Municipal de la Grama ante la UE Vilassar de Mar C.<\/p>\n","protected":false},"excerpt":{"rendered":"<p>INFANTIL A L\u2019equip d\u2019Iv\u00e1n Cort\u00e9s i Brian Espinola juga diumenge a les 14 hores al Municipal davant la UD Cornell\u00e0 E. El equipo de Iv\u00e1n Cort\u00e9s y Brian Espinola juega el domingo a las 14 horas en el Municipal ante la UD Cornell\u00e0 E. INFANTIL B L\u2019equip dirigit per Kevin P\u00e9rez juguen dissabte a les [&hellip;]<\/p>\n","protected":false},"author":1,"featured_media":7118,"comment_status":"closed","ping_status":"closed","sticky":false,"template":"","format":"standard","meta":{"footnotes":""},"categories":[4,9],"tags":[],"class_list":["post-23241","post","type-post","status-publish","format-standard","has-post-thumbnail","hentry","category-base-inclusiu","category-infantils"],"_links":{"self":[{"href":"http:\/\/fegrama.cat\/web\/wp-json\/wp\/v2\/posts\/23241","targetHints":{"allow":["GET"]}}],"collection":[{"href":"http:\/\/fegrama.cat\/web\/wp-json\/wp\/v2\/posts"}],"about":[{"href":"http:\/\/fegrama.cat\/web\/wp-json\/wp\/v2\/types\/post"}],"author":[{"embeddable":true,"href":"http:\/\/fegrama.cat\/web\/wp-json\/wp\/v2\/users\/1"}],"replies":[{"embeddable":true,"href":"http:\/\/fegrama.cat\/web\/wp-json\/wp\/v2\/comments?post=23241"}],"version-history":[{"count":1,"href":"http:\/\/fegrama.cat\/web\/wp-json\/wp\/v2\/posts\/23241\/revisions"}],"predecessor-version":[{"id":23242,"href":"http:\/\/fegrama.cat\/web\/wp-json\/wp\/v2\/posts\/23241\/revisions\/23242"}],"wp:featuredmedia":[{"embeddable":true,"href":"http:\/\/fegrama.cat\/web\/wp-json\/wp\/v2\/media\/7118"}],"wp:attachment":[{"href":"http:\/\/fegrama.cat\/web\/wp-json\/wp\/v2\/media?parent=23241"}],"wp:term":[{"taxonomy":"category","embeddable":true,"href":"http:\/\/fegrama.cat\/web\/wp-json\/wp\/v2\/categories?post=23241"},{"taxonomy":"post_tag","embeddable":true,"href":"http:\/\/fegrama.cat\/web\/wp-json\/wp\/v2\/tags?post=23241"}],"curies":[{"name":"wp","href":"https:\/\/api.w.org\/{rel}","templated":true}]}}