{"id":23239,"date":"2018-02-22T09:43:09","date_gmt":"2018-02-22T08:43:09","guid":{"rendered":"http:\/\/fegrama.cat\/web\/?p=23239"},"modified":"2018-02-22T09:43:09","modified_gmt":"2018-02-22T08:43:09","slug":"previes-dels-equips-femenins-24-de-febrer","status":"publish","type":"post","link":"http:\/\/fegrama.cat\/web\/previes-dels-equips-femenins-24-de-febrer\/","title":{"rendered":"Pr\u00e8vies dels equips Femenins (24 de febrer)"},"content":{"rendered":"<p><a href=\"http:\/\/fegrama.cat\/web\/wp-content\/uploads\/2017\/10\/juvcadA1718.jpg\"><img loading=\"lazy\" decoding=\"async\" class=\"aligncenter\" src=\"http:\/\/fegrama.cat\/web\/wp-content\/uploads\/2017\/10\/juvcadA1718-1024x768.jpg\" alt=\"juvcadA1718\" width=\"618\" height=\"463\" \/><\/a><\/p>\n<p><strong>JUVENIL-CADET \u2018A\u2019<\/strong><\/p>\n<p>Les noies de David Go\u00f1i juguen dissabte a les 16 horres al\u00a0Municipal Centre Paco Navarro davant la Unificaci\u00f3n CF Santa Perpetua.<\/p>\n<p>Las chicas de David Go\u00f1i juegan el s\u00e1bado a las 16 horas en el Municipal Centre Paco Navarro ante la Unificaci\u00f3n CF Santa Perpetua.<\/p>\n<p><a href=\"http:\/\/fegrama.cat\/web\/wp-content\/uploads\/2017\/12\/juvcadB.jpeg\"><img loading=\"lazy\" decoding=\"async\" class=\" wp-image-22611 aligncenter\" src=\"http:\/\/fegrama.cat\/web\/wp-content\/uploads\/2017\/12\/juvcadB.jpeg\" sizes=\"auto, (max-width: 446px) 100vw, 446px\" srcset=\"http:\/\/fegrama.cat\/web\/wp-content\/uploads\/2017\/12\/juvcadB.jpeg 1014w, http:\/\/fegrama.cat\/web\/wp-content\/uploads\/2017\/12\/juvcadB-300x175.jpeg 300w, http:\/\/fegrama.cat\/web\/wp-content\/uploads\/2017\/12\/juvcadB-768x449.jpeg 768w\" alt=\"\" width=\"446\" height=\"261\" \/><\/a><strong>JUVENIL-CADET \u2018B\u2019<\/strong><\/p>\n<p>La Grama juga dissabte a les 19:45 hores al Municipal Menorca davant el Sant Jordi CE.<\/p>\n<p>La Grama juega el s\u00e1bado a las 19:45 horas en el Municipal Menorca ante el Sant Jordi CE.<\/p>\n<div><a href=\"http:\/\/fegrama.cat\/web\/wp-content\/uploads\/2017\/10\/aleben1718.jpg\"><img loading=\"lazy\" decoding=\"async\" class=\"aligncenter\" src=\"http:\/\/fegrama.cat\/web\/wp-content\/uploads\/2017\/10\/aleben1718-1024x768.jpg\" alt=\"aleben1718\" width=\"618\" height=\"463\" \/><\/a><\/div>\n<div><\/div>\n<div><strong>ALEV\u00cd-BENJAM\u00cd<\/strong><\/div>\n<p>L\u2019equip de Dolors Mart\u00ednez juga dissabte a les 14 hores a Les Oliveres contra el FC Santboi\u00e0 B.<\/p>\n<p>El equipo de Dolors Mart\u00ednez juega el s\u00e1bado a las 14 horas en Les Oliveres contra el FC Sant Boi\u00e0 B.<\/p>\n","protected":false},"excerpt":{"rendered":"<p>JUVENIL-CADET \u2018A\u2019 Les noies de David Go\u00f1i juguen dissabte a les 16 horres al\u00a0Municipal Centre Paco Navarro davant la Unificaci\u00f3n CF Santa Perpetua. Las chicas de David Go\u00f1i juegan el s\u00e1bado a las 16 horas en el Municipal Centre Paco Navarro ante la Unificaci\u00f3n CF Santa Perpetua. JUVENIL-CADET \u2018B\u2019 La Grama juga dissabte a les [&hellip;]<\/p>\n","protected":false},"author":1,"featured_media":15364,"comment_status":"closed","ping_status":"closed","sticky":false,"template":"","format":"standard","meta":{"footnotes":""},"categories":[4,13],"tags":[],"class_list":["post-23239","post","type-post","status-publish","format-standard","has-post-thumbnail","hentry","category-base-inclusiu","category-femeni"],"_links":{"self":[{"href":"http:\/\/fegrama.cat\/web\/wp-json\/wp\/v2\/posts\/23239","targetHints":{"allow":["GET"]}}],"collection":[{"href":"http:\/\/fegrama.cat\/web\/wp-json\/wp\/v2\/posts"}],"about":[{"href":"http:\/\/fegrama.cat\/web\/wp-json\/wp\/v2\/types\/post"}],"author":[{"embeddable":true,"href":"http:\/\/fegrama.cat\/web\/wp-json\/wp\/v2\/users\/1"}],"replies":[{"embeddable":true,"href":"http:\/\/fegrama.cat\/web\/wp-json\/wp\/v2\/comments?post=23239"}],"version-history":[{"count":1,"href":"http:\/\/fegrama.cat\/web\/wp-json\/wp\/v2\/posts\/23239\/revisions"}],"predecessor-version":[{"id":23240,"href":"http:\/\/fegrama.cat\/web\/wp-json\/wp\/v2\/posts\/23239\/revisions\/23240"}],"wp:featuredmedia":[{"embeddable":true,"href":"http:\/\/fegrama.cat\/web\/wp-json\/wp\/v2\/media\/15364"}],"wp:attachment":[{"href":"http:\/\/fegrama.cat\/web\/wp-json\/wp\/v2\/media?parent=23239"}],"wp:term":[{"taxonomy":"category","embeddable":true,"href":"http:\/\/fegrama.cat\/web\/wp-json\/wp\/v2\/categories?post=23239"},{"taxonomy":"post_tag","embeddable":true,"href":"http:\/\/fegrama.cat\/web\/wp-json\/wp\/v2\/tags?post=23239"}],"curies":[{"name":"wp","href":"https:\/\/api.w.org\/{rel}","templated":true}]}}