{"id":22953,"date":"2018-01-25T20:39:21","date_gmt":"2018-01-25T19:39:21","guid":{"rendered":"http:\/\/fegrama.cat\/web\/?p=22953"},"modified":"2018-01-25T20:39:21","modified_gmt":"2018-01-25T19:39:21","slug":"partit-vital-per-al-juvenil-a","status":"publish","type":"post","link":"http:\/\/fegrama.cat\/web\/partit-vital-per-al-juvenil-a\/","title":{"rendered":"Partit vital per al Juvenil A"},"content":{"rendered":"<p>L&#8217;equip de<strong> Christian Algar<\/strong> vol trobar la regularitat que el porti a poder lluitar per l&#8217;ascens. Per a aix\u00f2 podrien fer un pas molt important de guanyar a casa aquest cap de setmana.<\/p>\n<p style=\"text-align: center;\"><strong>Diumenge a les 11:45 hores al Municipal de la Grama.<\/strong><\/p>\n<p>El seu rival ser\u00e0 l&#8217;<strong>EF Giron\u00e8s-Sabat B<\/strong>, actual l\u00edder de la lliga amb 5 punts d&#8217;avantatge sobre la Grama. Acumulen dues derrotes consecutives per\u00f2 aguanten en el primer lloc.<\/p>\n<p><a href=\"http:\/\/fegrama.cat\/web\/wp-content\/uploads\/2017\/10\/juvA3010.jpg\"><img loading=\"lazy\" decoding=\"async\" class=\"aligncenter size-full wp-image-22195\" src=\"http:\/\/fegrama.cat\/web\/wp-content\/uploads\/2017\/10\/juvA3010.jpg\" alt=\"\" width=\"800\" height=\"600\" srcset=\"http:\/\/fegrama.cat\/web\/wp-content\/uploads\/2017\/10\/juvA3010.jpg 800w, http:\/\/fegrama.cat\/web\/wp-content\/uploads\/2017\/10\/juvA3010-300x225.jpg 300w\" sizes=\"auto, (max-width: 800px) 100vw, 800px\" \/><\/a><\/p>\n<p>El equipo de <strong>Christian Algar<\/strong> quiere encontrar la regularidad que le lleve a poder luchar por el ascenso. Para ello podr\u00edan dar un paso muy importante de ganar en casa este fin de semana.<\/p>\n<p style=\"text-align: center;\"><strong>El domingo a las 11:45 horas en el Municipal de la Grama.<\/strong><\/p>\n<p>Su rival ser\u00e1 la <strong>EF Giron\u00e8s-Sabat B<\/strong>, actual l\u00edder de la liga con 5 puntos de ventaja sobre la Grama. Acumulan dos derrotas consecutivas pero aguantan en el primer puesto.<\/p>\n","protected":false},"excerpt":{"rendered":"<p>L&#8217;equip de Christian Algar vol trobar la regularitat que el porti a poder lluitar per l&#8217;ascens. Per a aix\u00f2 podrien fer un pas molt important de guanyar a casa aquest cap de setmana. Diumenge a les 11:45 hores al Municipal de la Grama. El seu rival ser\u00e0 l&#8217;EF Giron\u00e8s-Sabat B, actual l\u00edder de la lliga [&hellip;]<\/p>\n","protected":false},"author":1,"featured_media":22195,"comment_status":"closed","ping_status":"closed","sticky":false,"template":"","format":"standard","meta":{"footnotes":""},"categories":[4,6],"tags":[],"class_list":["post-22953","post","type-post","status-publish","format-standard","has-post-thumbnail","hentry","category-base-inclusiu","category-juvenils"],"_links":{"self":[{"href":"http:\/\/fegrama.cat\/web\/wp-json\/wp\/v2\/posts\/22953","targetHints":{"allow":["GET"]}}],"collection":[{"href":"http:\/\/fegrama.cat\/web\/wp-json\/wp\/v2\/posts"}],"about":[{"href":"http:\/\/fegrama.cat\/web\/wp-json\/wp\/v2\/types\/post"}],"author":[{"embeddable":true,"href":"http:\/\/fegrama.cat\/web\/wp-json\/wp\/v2\/users\/1"}],"replies":[{"embeddable":true,"href":"http:\/\/fegrama.cat\/web\/wp-json\/wp\/v2\/comments?post=22953"}],"version-history":[{"count":1,"href":"http:\/\/fegrama.cat\/web\/wp-json\/wp\/v2\/posts\/22953\/revisions"}],"predecessor-version":[{"id":22954,"href":"http:\/\/fegrama.cat\/web\/wp-json\/wp\/v2\/posts\/22953\/revisions\/22954"}],"wp:featuredmedia":[{"embeddable":true,"href":"http:\/\/fegrama.cat\/web\/wp-json\/wp\/v2\/media\/22195"}],"wp:attachment":[{"href":"http:\/\/fegrama.cat\/web\/wp-json\/wp\/v2\/media?parent=22953"}],"wp:term":[{"taxonomy":"category","embeddable":true,"href":"http:\/\/fegrama.cat\/web\/wp-json\/wp\/v2\/categories?post=22953"},{"taxonomy":"post_tag","embeddable":true,"href":"http:\/\/fegrama.cat\/web\/wp-json\/wp\/v2\/tags?post=22953"}],"curies":[{"name":"wp","href":"https:\/\/api.w.org\/{rel}","templated":true}]}}