{"id":22930,"date":"2018-01-24T13:22:34","date_gmt":"2018-01-24T12:22:34","guid":{"rendered":"http:\/\/fegrama.cat\/web\/?p=22930"},"modified":"2018-01-24T13:22:34","modified_gmt":"2018-01-24T12:22:34","slug":"segona-posicio-el-nou-juvenil-vol-lluitar-per-la-lliga","status":"publish","type":"post","link":"http:\/\/fegrama.cat\/web\/segona-posicio-el-nou-juvenil-vol-lluitar-per-la-lliga\/","title":{"rendered":"Segona posici\u00f3, el nou Juvenil vol lluitar per la lliga"},"content":{"rendered":"<p>L&#8217;equip dirigit per <strong>Oscar P\u00e9rez<\/strong><em> (la temporada passada entrenador del Cadet B)<\/em>, al costat dels seus companys <strong>Rub\u00e9n Fuertes<\/strong> <strong>i Antonio Rosillo<\/strong>, juguen al <strong>Grup 13 de la Segona Divisi\u00f3 Juvenil<\/strong>.<\/p>\n<p>El <strong>Juvenil D<\/strong> s&#8217;ha consolidat com el segon millor equip de la lliga en tots els sentits. Segons a la lliga a 8 punts del l\u00edder invicte i que comptabilitza tots els seus partits amb vict\u00f2ria, la Grama li segueix l&#8217;estela i ha estat l&#8217;\u00fanic equip capa\u00e7 de posar en dificultats en problemes caient 0-1 davant d&#8217;ells<strong> (FC Martinenc C)<\/strong>.<\/p>\n<p>Els colomencs acumulen 7 jornades consecutives sense perdre (6 vict\u00f2ries i 1 empat). El vuit\u00e8 equip m\u00e9s golejador de la lliga amb 32 gols marcats per\u00f2 alhora \u00e9s el segon equip que menys gols ha rebut (10).<\/p>\n<p>A tres jornades per al final de la primera volta el Juvenil D segueix somiant amb barallar amb el \u00abtotpoder\u00f3s\u00bb l\u00edder.<\/p>\n<p><a href=\"http:\/\/fegrama.cat\/web\/wp-content\/uploads\/2018\/01\/juvD.jpg\"><img loading=\"lazy\" decoding=\"async\" class=\"aligncenter size-large wp-image-22682\" src=\"http:\/\/fegrama.cat\/web\/wp-content\/uploads\/2018\/01\/juvD-1024x415.jpg\" alt=\"\" width=\"618\" height=\"250\" srcset=\"http:\/\/fegrama.cat\/web\/wp-content\/uploads\/2018\/01\/juvD-1024x415.jpg 1024w, http:\/\/fegrama.cat\/web\/wp-content\/uploads\/2018\/01\/juvD-300x121.jpg 300w, http:\/\/fegrama.cat\/web\/wp-content\/uploads\/2018\/01\/juvD-768x311.jpg 768w, http:\/\/fegrama.cat\/web\/wp-content\/uploads\/2018\/01\/juvD.jpg 1294w\" sizes=\"auto, (max-width: 618px) 100vw, 618px\" \/><\/a><\/p>\n<p>El equipo dirigido por <strong>Oscar P\u00e9rez<\/strong> <em>(la temporada pasada entrenador del Cadete B)<\/em>, junto\u00a0a sus compa\u00f1eros <strong>Rub\u00e9n Fuertes<\/strong> y <strong>Antonio Rosillo<\/strong>, juegan en el<strong> Grupo 13 de la Segunda Divisi\u00f3n Juveni<\/strong>l.<\/p>\n<p>El <strong>Juvenil D<\/strong> se ha consolidado como el segundo mejor equipo de la liga en todos los sentidos. Segundos en la liga a 8 puntos del l\u00edder invicto y que contabiliza todos sus partidos con victoria, la Grama le sigue la estela y ha sido el \u00fanico equipo capaz de poner en apuros en problemas cayendo 0-1 ante ellos <strong>(FC Martinenc C)<\/strong>.<\/p>\n<p>Los colomenses acumulan 7 jornadas consecutivas sin perder (6 victorias y 1 empate). El octavo equipo m\u00e1s goleador de la liga con 32 goles marcados pero a la vez es el segundo equipo que menos goles ha recibido (10).<\/p>\n<p>A tres jornadas para el final de la primera vuelta el Juvenil D sigue so\u00f1ando con pelear con el \u00abtodopoderoso\u00bb l\u00edder.<\/p>\n","protected":false},"excerpt":{"rendered":"<p>L&#8217;equip dirigit per Oscar P\u00e9rez (la temporada passada entrenador del Cadet B), al costat dels seus companys Rub\u00e9n Fuertes i Antonio Rosillo, juguen al Grup 13 de la Segona Divisi\u00f3 Juvenil. El Juvenil D s&#8217;ha consolidat com el segon millor equip de la lliga en tots els sentits. Segons a la lliga a 8 punts [&hellip;]<\/p>\n","protected":false},"author":1,"featured_media":22682,"comment_status":"closed","ping_status":"closed","sticky":false,"template":"","format":"standard","meta":{"footnotes":""},"categories":[14],"tags":[],"class_list":["post-22930","post","type-post","status-publish","format-standard","has-post-thumbnail","hentry","category-noticies"],"_links":{"self":[{"href":"http:\/\/fegrama.cat\/web\/wp-json\/wp\/v2\/posts\/22930","targetHints":{"allow":["GET"]}}],"collection":[{"href":"http:\/\/fegrama.cat\/web\/wp-json\/wp\/v2\/posts"}],"about":[{"href":"http:\/\/fegrama.cat\/web\/wp-json\/wp\/v2\/types\/post"}],"author":[{"embeddable":true,"href":"http:\/\/fegrama.cat\/web\/wp-json\/wp\/v2\/users\/1"}],"replies":[{"embeddable":true,"href":"http:\/\/fegrama.cat\/web\/wp-json\/wp\/v2\/comments?post=22930"}],"version-history":[{"count":1,"href":"http:\/\/fegrama.cat\/web\/wp-json\/wp\/v2\/posts\/22930\/revisions"}],"predecessor-version":[{"id":22931,"href":"http:\/\/fegrama.cat\/web\/wp-json\/wp\/v2\/posts\/22930\/revisions\/22931"}],"wp:featuredmedia":[{"embeddable":true,"href":"http:\/\/fegrama.cat\/web\/wp-json\/wp\/v2\/media\/22682"}],"wp:attachment":[{"href":"http:\/\/fegrama.cat\/web\/wp-json\/wp\/v2\/media?parent=22930"}],"wp:term":[{"taxonomy":"category","embeddable":true,"href":"http:\/\/fegrama.cat\/web\/wp-json\/wp\/v2\/categories?post=22930"},{"taxonomy":"post_tag","embeddable":true,"href":"http:\/\/fegrama.cat\/web\/wp-json\/wp\/v2\/tags?post=22930"}],"curies":[{"name":"wp","href":"https:\/\/api.w.org\/{rel}","templated":true}]}}