{"id":22927,"date":"2018-01-22T15:48:14","date_gmt":"2018-01-22T14:48:14","guid":{"rendered":"http:\/\/fegrama.cat\/web\/?p=22927"},"modified":"2018-01-22T15:48:14","modified_gmt":"2018-01-22T14:48:14","slug":"derrota-del-juvenil-a-al-camp-del-sarria","status":"publish","type":"post","link":"http:\/\/fegrama.cat\/web\/derrota-del-juvenil-a-al-camp-del-sarria\/","title":{"rendered":"Derrota del Juvenil A al camp del Sarri\u00e0"},"content":{"rendered":"<p>El Juvenil A va caure derrotat 4-3 davant el CP Sarri\u00e0 el que li va impedir retallar tres punts al l\u00edder.<\/p>\n<p>Primers 45 minuts molt igualats on la Grama va tenir mes possessi\u00f3 de pilota i va generar m\u00e9s perill per\u00f2 l&#8217;equip local va acabar aprofitant una segona jugada despr\u00e9s d&#8217;un llan\u00e7ament de c\u00f3rner. A la segona meitat el Sarri\u00e0 aconseguiria de nou avan\u00e7ar-se al marcador despr\u00e9s d&#8217;un servei de banda dins de l&#8217;\u00e0rea que el davanter aconseguiria rematar de cap davant la passivitat de la defensa visitant.<\/p>\n<p>La Grama va aconseguir empatar el partit amb gols de Kenneth i Kevin per\u00f2 seguint el gui\u00f3 de la setmana passada quan havia fet el m\u00e9s dif\u00edcil deixaria de nou que el rival s&#8217;avanc\u00e9s. Aguado de cap despr\u00e9s del llan\u00e7ament de falta lateral de Bruno aconseguiria el 3-3 per\u00f2 un minut m\u00e9s tard un nou error defensiu suposaria el 4-3 definitiu.<\/p>\n<p style=\"text-align: right;\"><strong><a href=\"http:\/\/fcf.cat\/classificacio\/1718\/futbol-11\/preferent-juvenils\/grup-4\">CLASSIFICACI\u00d3<\/a><\/strong><\/p>\n<p>[divider]<\/p>\n<p>El Juvenil A cay\u00f3 derrotado 4-3 ante el CP Sarri\u00e0 lo que le impidi\u00f3 recortar tres puntos al l\u00edder.<\/p>\n<p>Primeros 45 minutos muy igualados donde la Grama tuvo mas posesi\u00f3n de bal\u00f3n y gener\u00f3 m\u00e1s peligro pero el equipo local acab\u00f3 aprovechando una segunda jugada tras un lanzamiento de c\u00f3rner. En la segunda mitad el Sarri\u00e0\u00a0lograr\u00eda de nuevo adelantarse en el marcador tras un saque de banda dentro del \u00e1rea que el delantero lograr\u00eda rematar de cabeza ante la pasividad de la defensa visitante.<\/p>\n<p>La Grama consigui\u00f3 empatar el partido con goles de Kenneth y Kevin pero siguiendo el gui\u00f3n de la semana pasada cuando hab\u00eda hecho lo mas dif\u00edcil dejar\u00eda de nuevo que el rival se adelantase. Aguado de cabeza tras el lanzamiento de falta lateral de Bruno lograr\u00eda el 3-3 pero un minuto m\u00e1s tarde un nuevo error defensivo supondr\u00eda el 4-3 definitivo.<\/p>\n","protected":false},"excerpt":{"rendered":"<p>El Juvenil A va caure derrotat 4-3 davant el CP Sarri\u00e0 el que li va impedir retallar tres punts al l\u00edder. Primers 45 minuts molt igualats on la Grama va tenir mes possessi\u00f3 de pilota i va generar m\u00e9s perill per\u00f2 l&#8217;equip local va acabar aprofitant una segona jugada despr\u00e9s d&#8217;un llan\u00e7ament de c\u00f3rner. A [&hellip;]<\/p>\n","protected":false},"author":1,"featured_media":22195,"comment_status":"closed","ping_status":"closed","sticky":false,"template":"","format":"standard","meta":{"footnotes":""},"categories":[4,6],"tags":[],"class_list":["post-22927","post","type-post","status-publish","format-standard","has-post-thumbnail","hentry","category-base-inclusiu","category-juvenils"],"_links":{"self":[{"href":"http:\/\/fegrama.cat\/web\/wp-json\/wp\/v2\/posts\/22927","targetHints":{"allow":["GET"]}}],"collection":[{"href":"http:\/\/fegrama.cat\/web\/wp-json\/wp\/v2\/posts"}],"about":[{"href":"http:\/\/fegrama.cat\/web\/wp-json\/wp\/v2\/types\/post"}],"author":[{"embeddable":true,"href":"http:\/\/fegrama.cat\/web\/wp-json\/wp\/v2\/users\/1"}],"replies":[{"embeddable":true,"href":"http:\/\/fegrama.cat\/web\/wp-json\/wp\/v2\/comments?post=22927"}],"version-history":[{"count":1,"href":"http:\/\/fegrama.cat\/web\/wp-json\/wp\/v2\/posts\/22927\/revisions"}],"predecessor-version":[{"id":22928,"href":"http:\/\/fegrama.cat\/web\/wp-json\/wp\/v2\/posts\/22927\/revisions\/22928"}],"wp:featuredmedia":[{"embeddable":true,"href":"http:\/\/fegrama.cat\/web\/wp-json\/wp\/v2\/media\/22195"}],"wp:attachment":[{"href":"http:\/\/fegrama.cat\/web\/wp-json\/wp\/v2\/media?parent=22927"}],"wp:term":[{"taxonomy":"category","embeddable":true,"href":"http:\/\/fegrama.cat\/web\/wp-json\/wp\/v2\/categories?post=22927"},{"taxonomy":"post_tag","embeddable":true,"href":"http:\/\/fegrama.cat\/web\/wp-json\/wp\/v2\/tags?post=22927"}],"curies":[{"name":"wp","href":"https:\/\/api.w.org\/{rel}","templated":true}]}}