{"id":22925,"date":"2018-01-22T15:39:20","date_gmt":"2018-01-22T14:39:20","guid":{"rendered":"http:\/\/fegrama.cat\/web\/?p=22925"},"modified":"2018-01-22T15:39:20","modified_gmt":"2018-01-22T14:39:20","slug":"derrota-ajustada-a-casa-del-juvenil-b","status":"publish","type":"post","link":"http:\/\/fegrama.cat\/web\/derrota-ajustada-a-casa-del-juvenil-b\/","title":{"rendered":"Derrota ajustada a casa del Juvenil B"},"content":{"rendered":"<p>El Juvenil B va caure derrotat 2-3 davant la Vila Ol\u00edmpica.<\/p>\n<p>Partit en el qual una vegada mes els errors van passar factura als locals. Despr\u00e9s d&#8217;un inici una mica t\u00edmid on la Vila es va avan\u00e7ar, la Grama es va treure els nervis de sobre i va comen\u00e7ar a sentir-se c\u00f2moda i va aconseguir arribar al descans 1-1 despr\u00e9s d&#8217;un gol de c\u00f3rner de Arty.<\/p>\n<p>La segona part va arrencar amb un gol de penal dels visitants, aix\u00f2 va obrir el partit i aix\u00ed va arribar el tercer de la Vila. La Grama va retallar dist\u00e0ncies en el tram final i va estr\u00e8nyer fins a la ultima acci\u00f3.<\/p>\n<p>[divider]<\/p>\n<p>El Juvenil B cay\u00f3 derrotado 2-3 ante la Vila Ol\u00edmpica.<\/p>\n<p>Partido en el que una vez mas los errores pasaron factura a los locales. Tras un inicio algo t\u00edmido donde la Vila se adelant\u00f3, la Grama se quit\u00f3 los nervios de encima y empez\u00f3 a sentirse c\u00f3moda y consigui\u00f3 llegar al descanso 1-1 tras un gol de c\u00f3rner de Arty.<\/p>\n<p>La segunda parte arranc\u00f3 con un gol de penalti de los visitantes, eso abri\u00f3 el partido y as\u00ed lleg\u00f3 el tercero de la Vila. La Grama recort\u00f3 distancias en el tramo final y apret\u00f3 hasta la ultima acci\u00f3n.<\/p>\n","protected":false},"excerpt":{"rendered":"<p>El Juvenil B va caure derrotat 2-3 davant la Vila Ol\u00edmpica. Partit en el qual una vegada mes els errors van passar factura als locals. Despr\u00e9s d&#8217;un inici una mica t\u00edmid on la Vila es va avan\u00e7ar, la Grama es va treure els nervis de sobre i va comen\u00e7ar a sentir-se c\u00f2moda i va aconseguir [&hellip;]<\/p>\n","protected":false},"author":1,"featured_media":13084,"comment_status":"closed","ping_status":"closed","sticky":false,"template":"","format":"standard","meta":{"footnotes":""},"categories":[4,6],"tags":[],"class_list":["post-22925","post","type-post","status-publish","format-standard","has-post-thumbnail","hentry","category-base-inclusiu","category-juvenils"],"_links":{"self":[{"href":"http:\/\/fegrama.cat\/web\/wp-json\/wp\/v2\/posts\/22925","targetHints":{"allow":["GET"]}}],"collection":[{"href":"http:\/\/fegrama.cat\/web\/wp-json\/wp\/v2\/posts"}],"about":[{"href":"http:\/\/fegrama.cat\/web\/wp-json\/wp\/v2\/types\/post"}],"author":[{"embeddable":true,"href":"http:\/\/fegrama.cat\/web\/wp-json\/wp\/v2\/users\/1"}],"replies":[{"embeddable":true,"href":"http:\/\/fegrama.cat\/web\/wp-json\/wp\/v2\/comments?post=22925"}],"version-history":[{"count":1,"href":"http:\/\/fegrama.cat\/web\/wp-json\/wp\/v2\/posts\/22925\/revisions"}],"predecessor-version":[{"id":22926,"href":"http:\/\/fegrama.cat\/web\/wp-json\/wp\/v2\/posts\/22925\/revisions\/22926"}],"wp:featuredmedia":[{"embeddable":true,"href":"http:\/\/fegrama.cat\/web\/wp-json\/wp\/v2\/media\/13084"}],"wp:attachment":[{"href":"http:\/\/fegrama.cat\/web\/wp-json\/wp\/v2\/media?parent=22925"}],"wp:term":[{"taxonomy":"category","embeddable":true,"href":"http:\/\/fegrama.cat\/web\/wp-json\/wp\/v2\/categories?post=22925"},{"taxonomy":"post_tag","embeddable":true,"href":"http:\/\/fegrama.cat\/web\/wp-json\/wp\/v2\/tags?post=22925"}],"curies":[{"name":"wp","href":"https:\/\/api.w.org\/{rel}","templated":true}]}}