{"id":22331,"date":"2017-11-09T13:43:24","date_gmt":"2017-11-09T12:43:24","guid":{"rendered":"http:\/\/fegrama.cat\/web\/?p=22331"},"modified":"2017-11-09T13:43:24","modified_gmt":"2017-11-09T12:43:24","slug":"previes-dels-equips-cadets-11-de-novembre","status":"publish","type":"post","link":"http:\/\/fegrama.cat\/web\/previes-dels-equips-cadets-11-de-novembre\/","title":{"rendered":"Pr\u00e8vies dels equips Cadets (11 de novembre)"},"content":{"rendered":"<p><strong>CADET B<\/strong><\/p>\n<p>Dissabte a les 18 hores a Can Zam tindrem derbi entre el CF Singuerl\u00edn i l&#8217;equip dirigit per Paco Tamudo.<\/p>\n<p>El s\u00e1bado a las 18 horas en Can Zam tendremos derbi entre el CF Singuerl\u00edn y el equipo dirigido por Paco Tamudo.<\/p>\n<div>\n<div>[divider]<\/div>\n<\/div>\n<p><strong>CADET C<\/strong><\/p>\n<p>Els nois de Cristi\u00e1n Rodr\u00edguez juguen dissabte a les 12 hores a Santa Coloma davant el CE APA Poble Sec.<\/p>\n<p>Los chicos de Cristi\u00e1n Rodr\u00edguez juegan el s\u00e1bado a las 12 horas en Santa Coloma ante el CE APA Poble Sec.<\/p>\n<div>[divider]<\/div>\n<p><strong>CADET D<\/strong><\/p>\n<p>L&#8217;equip de Joel Pradenas visita el I.N.E.F. el dissabte a les 14 hores per a enfrontar-se a la PB Anguera C.<\/p>\n<p>El equipo de Joel Pradenas visita el I.N.E.F. el s\u00e1bado a las 14 horas para enfrentarse a la PB Anguera C.<\/p>\n<div>\u00a0[divider]<\/div>\n<p><strong>CADET E<\/strong><\/p>\n<p>El conjunt de Dani Anguita t\u00e9 partit al Municipal de la Grama dissabte a les 14 hores davant el CD Premi\u00e0 de Dalt C.<\/p>\n<p>El conjunto de Dani Anguita tiene partido en el Municipal de la Grama el s\u00e1bado a las 14 horas ante el CD Premi\u00e0 de Dalt C.<\/p>\n","protected":false},"excerpt":{"rendered":"<p>CADET B Dissabte a les 18 hores a Can Zam tindrem derbi entre el CF Singuerl\u00edn i l&#8217;equip dirigit per Paco Tamudo. El s\u00e1bado a las 18 horas en Can Zam tendremos derbi entre el CF Singuerl\u00edn y el equipo dirigido por Paco Tamudo. [divider] CADET C Els nois de Cristi\u00e1n Rodr\u00edguez juguen dissabte a [&hellip;]<\/p>\n","protected":false},"author":1,"featured_media":2312,"comment_status":"closed","ping_status":"closed","sticky":false,"template":"","format":"standard","meta":{"footnotes":""},"categories":[4,7],"tags":[24,1145],"class_list":["post-22331","post","type-post","status-publish","format-standard","has-post-thumbnail","hentry","category-base-inclusiu","category-cadets","tag-fundacio-esportiva-grama","tag-municipal-de-la-grama"],"_links":{"self":[{"href":"http:\/\/fegrama.cat\/web\/wp-json\/wp\/v2\/posts\/22331","targetHints":{"allow":["GET"]}}],"collection":[{"href":"http:\/\/fegrama.cat\/web\/wp-json\/wp\/v2\/posts"}],"about":[{"href":"http:\/\/fegrama.cat\/web\/wp-json\/wp\/v2\/types\/post"}],"author":[{"embeddable":true,"href":"http:\/\/fegrama.cat\/web\/wp-json\/wp\/v2\/users\/1"}],"replies":[{"embeddable":true,"href":"http:\/\/fegrama.cat\/web\/wp-json\/wp\/v2\/comments?post=22331"}],"version-history":[{"count":1,"href":"http:\/\/fegrama.cat\/web\/wp-json\/wp\/v2\/posts\/22331\/revisions"}],"predecessor-version":[{"id":22332,"href":"http:\/\/fegrama.cat\/web\/wp-json\/wp\/v2\/posts\/22331\/revisions\/22332"}],"wp:featuredmedia":[{"embeddable":true,"href":"http:\/\/fegrama.cat\/web\/wp-json\/wp\/v2\/media\/2312"}],"wp:attachment":[{"href":"http:\/\/fegrama.cat\/web\/wp-json\/wp\/v2\/media?parent=22331"}],"wp:term":[{"taxonomy":"category","embeddable":true,"href":"http:\/\/fegrama.cat\/web\/wp-json\/wp\/v2\/categories?post=22331"},{"taxonomy":"post_tag","embeddable":true,"href":"http:\/\/fegrama.cat\/web\/wp-json\/wp\/v2\/tags?post=22331"}],"curies":[{"name":"wp","href":"https:\/\/api.w.org\/{rel}","templated":true}]}}