{"id":22329,"date":"2017-11-09T13:35:26","date_gmt":"2017-11-09T12:35:26","guid":{"rendered":"http:\/\/fegrama.cat\/web\/?p=22329"},"modified":"2017-11-09T13:35:26","modified_gmt":"2017-11-09T12:35:26","slug":"previes-dels-equips-infantils-11-i-12-de-novembre","status":"publish","type":"post","link":"http:\/\/fegrama.cat\/web\/previes-dels-equips-infantils-11-i-12-de-novembre\/","title":{"rendered":"Pr\u00e8vies dels equips Infantils (11 i 12 de novembre)"},"content":{"rendered":"<p><a href=\"http:\/\/fegrama.cat\/web\/wp-content\/uploads\/2017\/11\/infA0511.jpg\"><img loading=\"lazy\" decoding=\"async\" class=\"aligncenter size-large wp-image-22287\" alt=\"infA0511\" src=\"http:\/\/fegrama.cat\/web\/wp-content\/uploads\/2017\/11\/infA0511-1024x768.jpg\" width=\"618\" height=\"463\" \/><\/a><\/p>\n<p><strong>INFANTIL A<\/strong><\/p>\n<p>L&#8217;equip d&#8217;Iv\u00e1n Cort\u00e9s i Brian Espinola visitar\u00e0 el Municipal Sagnier el dissabte a les 10:15 hores per enfrontar-se a l&#8217;AE Prat B.<\/p>\n<p>El equipo de Iv\u00e1n Cort\u00e9s y Brian Espinola visitar\u00e1 el Municipal Sagnier el s\u00e1bado a las 10:15 horas para enfrentarse al AE Prat B.<\/p>\n<div>\u00a0[divider]<\/div>\n<p><strong>INFANTIL B<\/strong><\/p>\n<p>L&#8217;equip dirigit per Kevin P\u00e9rez juga diumenge a les 14 hores a casa davant el CP Sarri\u00e0.<\/p>\n<p>El equipo dirigido por Kevin P\u00e9rez juega el domingo a las 14 horas en casa ante el CP Sarri\u00e0.<\/p>\n<div>\u00a0[divider]<\/div>\n<p><strong>INFANTIL C<\/strong><\/p>\n<p>Els nois d&#8217;Edgar Rueda juguen al Narc\u00eds Sala el dissabte a les 09 hores davant la UE Sant Andreu C.<\/p>\n<p>Los chicos de Edgar Rueda juegan en el Narc\u00eds Sala el s\u00e1bado a las 09 horas ante la UE Sant Andreu C.<\/p>\n<div>\u00a0[divider]<\/div>\n<p><strong>INFANTIL D<\/strong><\/p>\n<p>L&#8217;equip de Juan Antonio Abril juga dissabte a les 11 hores a Les Oliveres un derbi davant el CF Imperi B.<\/p>\n<p>El equipo de Juan Antonio Abril juega el s\u00e1bado a las 11 horas en Les Oliveres un derbi ante el CF Imperio B.<\/p>\n<div>\u00a0[divider]<\/div>\n<p><strong>INFANTIL E<\/strong><\/p>\n<p>Els nois de Jos\u00e9 Mar\u00eda Tiz\u00f3n juguen a casa el dissabte a les 10:15 hores davant l&#8217;AD La Llantia B.<\/p>\n<p>Los chicos de Jos\u00e9 Mar\u00eda Tiz\u00f3n juegan en casa el s\u00e1bado a las 10:15 horas ante la AD La Llantia B.<\/p>\n","protected":false},"excerpt":{"rendered":"<p>INFANTIL A L&#8217;equip d&#8217;Iv\u00e1n Cort\u00e9s i Brian Espinola visitar\u00e0 el Municipal Sagnier el dissabte a les 10:15 hores per enfrontar-se a l&#8217;AE Prat B. El equipo de Iv\u00e1n Cort\u00e9s y Brian Espinola visitar\u00e1 el Municipal Sagnier el s\u00e1bado a las 10:15 horas para enfrentarse al AE Prat B. \u00a0[divider] INFANTIL B L&#8217;equip dirigit per Kevin [&hellip;]<\/p>\n","protected":false},"author":1,"featured_media":5464,"comment_status":"closed","ping_status":"closed","sticky":false,"template":"","format":"standard","meta":{"footnotes":""},"categories":[4,9],"tags":[24,1145,802],"class_list":["post-22329","post","type-post","status-publish","format-standard","has-post-thumbnail","hentry","category-base-inclusiu","category-infantils","tag-fundacio-esportiva-grama","tag-municipal-de-la-grama","tag-municipal-les-oliveres"],"_links":{"self":[{"href":"http:\/\/fegrama.cat\/web\/wp-json\/wp\/v2\/posts\/22329","targetHints":{"allow":["GET"]}}],"collection":[{"href":"http:\/\/fegrama.cat\/web\/wp-json\/wp\/v2\/posts"}],"about":[{"href":"http:\/\/fegrama.cat\/web\/wp-json\/wp\/v2\/types\/post"}],"author":[{"embeddable":true,"href":"http:\/\/fegrama.cat\/web\/wp-json\/wp\/v2\/users\/1"}],"replies":[{"embeddable":true,"href":"http:\/\/fegrama.cat\/web\/wp-json\/wp\/v2\/comments?post=22329"}],"version-history":[{"count":1,"href":"http:\/\/fegrama.cat\/web\/wp-json\/wp\/v2\/posts\/22329\/revisions"}],"predecessor-version":[{"id":22330,"href":"http:\/\/fegrama.cat\/web\/wp-json\/wp\/v2\/posts\/22329\/revisions\/22330"}],"wp:featuredmedia":[{"embeddable":true,"href":"http:\/\/fegrama.cat\/web\/wp-json\/wp\/v2\/media\/5464"}],"wp:attachment":[{"href":"http:\/\/fegrama.cat\/web\/wp-json\/wp\/v2\/media?parent=22329"}],"wp:term":[{"taxonomy":"category","embeddable":true,"href":"http:\/\/fegrama.cat\/web\/wp-json\/wp\/v2\/categories?post=22329"},{"taxonomy":"post_tag","embeddable":true,"href":"http:\/\/fegrama.cat\/web\/wp-json\/wp\/v2\/tags?post=22329"}],"curies":[{"name":"wp","href":"https:\/\/api.w.org\/{rel}","templated":true}]}}