{"id":22327,"date":"2017-11-09T13:29:43","date_gmt":"2017-11-09T12:29:43","guid":{"rendered":"http:\/\/fegrama.cat\/web\/?p=22327"},"modified":"2017-11-09T13:29:43","modified_gmt":"2017-11-09T12:29:43","slug":"previes-dels-equips-femenins-11-i-12-de-novembre","status":"publish","type":"post","link":"http:\/\/fegrama.cat\/web\/previes-dels-equips-femenins-11-i-12-de-novembre\/","title":{"rendered":"Pr\u00e8vies dels equips Femenins (11 i 12 de novembre)"},"content":{"rendered":"<p><a href=\"http:\/\/fegrama.cat\/web\/wp-content\/uploads\/2017\/10\/juvcadA1718.jpg\"><img loading=\"lazy\" decoding=\"async\" class=\"aligncenter\" alt=\"juvcadA1718\" src=\"http:\/\/fegrama.cat\/web\/wp-content\/uploads\/2017\/10\/juvcadA1718-1024x768.jpg\" width=\"618\" height=\"463\" \/><\/a><\/p>\n<p><strong>JUVENIL-CADET \u2018A\u2019<\/strong><\/p>\n<p>Les noies de David Go\u00f1i tornen a la competici\u00f3 jugant el diumenge a les 15:45 hores a casa davant el At.Sant Pol.<\/p>\n<p>Las chicas de David Go\u00f1i vuelven a la competici\u00f3n jugando el domingo a las 15:45 horas en casa ante el At.Sant Pol.<\/p>\n<div><a href=\"http:\/\/fegrama.cat\/web\/wp-content\/uploads\/2017\/10\/cadinf.jpg\"><img loading=\"lazy\" decoding=\"async\" class=\"aligncenter\" alt=\"cadinf\" src=\"http:\/\/fegrama.cat\/web\/wp-content\/uploads\/2017\/10\/cadinf.jpg\" width=\"640\" height=\"640\" \/><\/a><\/div>\n<p><strong>CADET-INFANTIL<\/strong><\/p>\n<p>L&#8217;equip d&#8217;Eva De La Fuente t\u00e9 partit diumenge a les 16 hores a Les Oliveres davant el CF Mollet UE.<\/p>\n<p>El equipo de Eva De La Fuente tiene partido el domingo a las 16 horas en Les Oliveres ante el CF Mollet UE.<\/p>\n<div><a href=\"http:\/\/fegrama.cat\/web\/wp-content\/uploads\/2017\/10\/aleben1718.jpg\"><img loading=\"lazy\" decoding=\"async\" class=\"aligncenter\" alt=\"aleben1718\" src=\"http:\/\/fegrama.cat\/web\/wp-content\/uploads\/2017\/10\/aleben1718-1024x768.jpg\" width=\"618\" height=\"463\" \/><\/a><\/div>\n<p><strong>ALEV\u00cd-BENJAM\u00cd<\/strong><\/p>\n<p>L&#8217;equip de Dolors Mart\u00ednez juga dissabte a les 14 hores a Les Oliveres davant la Fundaci\u00f3 UE Cornell\u00e0 B.<\/p>\n<p style=\"text-align: left;\">El equipo de Dolors Mart\u00ednez juega el s\u00e1bado a las 14 horas en Les Oliveres ante la Fundaci\u00f3 UE Cornell\u00e0 B.<\/p>\n","protected":false},"excerpt":{"rendered":"<p>JUVENIL-CADET \u2018A\u2019 Les noies de David Go\u00f1i tornen a la competici\u00f3 jugant el diumenge a les 15:45 hores a casa davant el At.Sant Pol. Las chicas de David Go\u00f1i vuelven a la competici\u00f3n jugando el domingo a las 15:45 horas en casa ante el At.Sant Pol. CADET-INFANTIL L&#8217;equip d&#8217;Eva De La Fuente t\u00e9 partit diumenge [&hellip;]<\/p>\n","protected":false},"author":1,"featured_media":22092,"comment_status":"closed","ping_status":"closed","sticky":false,"template":"","format":"standard","meta":{"footnotes":""},"categories":[4,13],"tags":[24,1145,802],"class_list":["post-22327","post","type-post","status-publish","format-standard","has-post-thumbnail","hentry","category-base-inclusiu","category-femeni","tag-fundacio-esportiva-grama","tag-municipal-de-la-grama","tag-municipal-les-oliveres"],"_links":{"self":[{"href":"http:\/\/fegrama.cat\/web\/wp-json\/wp\/v2\/posts\/22327","targetHints":{"allow":["GET"]}}],"collection":[{"href":"http:\/\/fegrama.cat\/web\/wp-json\/wp\/v2\/posts"}],"about":[{"href":"http:\/\/fegrama.cat\/web\/wp-json\/wp\/v2\/types\/post"}],"author":[{"embeddable":true,"href":"http:\/\/fegrama.cat\/web\/wp-json\/wp\/v2\/users\/1"}],"replies":[{"embeddable":true,"href":"http:\/\/fegrama.cat\/web\/wp-json\/wp\/v2\/comments?post=22327"}],"version-history":[{"count":1,"href":"http:\/\/fegrama.cat\/web\/wp-json\/wp\/v2\/posts\/22327\/revisions"}],"predecessor-version":[{"id":22328,"href":"http:\/\/fegrama.cat\/web\/wp-json\/wp\/v2\/posts\/22327\/revisions\/22328"}],"wp:featuredmedia":[{"embeddable":true,"href":"http:\/\/fegrama.cat\/web\/wp-json\/wp\/v2\/media\/22092"}],"wp:attachment":[{"href":"http:\/\/fegrama.cat\/web\/wp-json\/wp\/v2\/media?parent=22327"}],"wp:term":[{"taxonomy":"category","embeddable":true,"href":"http:\/\/fegrama.cat\/web\/wp-json\/wp\/v2\/categories?post=22327"},{"taxonomy":"post_tag","embeddable":true,"href":"http:\/\/fegrama.cat\/web\/wp-json\/wp\/v2\/tags?post=22327"}],"curies":[{"name":"wp","href":"https:\/\/api.w.org\/{rel}","templated":true}]}}