{"id":22102,"date":"2017-10-22T21:06:49","date_gmt":"2017-10-22T20:06:49","guid":{"rendered":"http:\/\/fegrama.cat\/web\/?p=22102"},"modified":"2017-10-22T21:06:49","modified_gmt":"2017-10-22T20:06:49","slug":"gran-victoria-del-juvenil-a-a-can-rull","status":"publish","type":"post","link":"http:\/\/fegrama.cat\/web\/gran-victoria-del-juvenil-a-a-can-rull\/","title":{"rendered":"Gran vict\u00f2ria del Juvenil A a Can Rull"},"content":{"rendered":"<p>El Juvenil A va guanyar 2-4 al CFU Can Rull R\u00f3mulo Tronchoni i es col\u00b7loca segona a tan sols un punt del liderat.<\/p>\n<p>Primera part amb domini de la Fundaci\u00f3 Esportiva Grama que va avisar en diverses ocasions per\u00f2 sense trobar el gol. Quan semblava que s&#8217;arribaria al descans 0-0 Lucas D\u00edaz va posar una centrada des de banda dreta perqu\u00e8 Xavi Torres aconsegu\u00eds de cap obrir el marcador. A la segona part el Can Rull aconseguiria l&#8217;empat quan m\u00e9s tocat era.<\/p>\n<p>La Grama va reaccionar r\u00e0pid i Aguado tornaria a avan\u00e7ar el seu equip despr\u00e9s de rematar un c\u00f3rner molt ben llan\u00e7at per Litri. Kenneth aconseguiria el 1-3 i el 1-4 que donaria tranquil\u00b7litat als colomencs. El Can Rull aconseguiria de c\u00f3rner el definitiu 2-4.<\/p>\n<p>[divider]<\/p>\n<p>El Juvenil A gan\u00f3 2-4 al CFU Can Rull Rom\u00falo Tronchoni y se coloca segunda a tan s\u00f3lo un punto del liderato.<\/p>\n<p>Primera parte con dominio de la Fundaci\u00f3 Esportiva Grama que avis\u00f3 en varias ocasiones pero sin encontrar el gol. Cuando parec\u00eda que se llegar\u00eda al descanso 0-0 Lucas D\u00edaz puso un centro desde banda derecha para que Xavi Torres lograse de cabeza abrir el marcador. En la segunda parte el Can Rull conseguir\u00eda el empate cuando m\u00e1s tocado estaba.<\/p>\n<p>La Grama reaccion\u00f3 r\u00e1pido y Aguado volver\u00eda a adelantar a su equipo tras rematar un c\u00f3rner muy bien lanzado por Litri.\u00a0Kenneth lograr\u00eda el 1-3 y el 1-4 que dar\u00eda tranquilidad a los colomenses. El Can Rull conseguir\u00eda de c\u00f3rner el definitivo 2-4.<\/p>\n","protected":false},"excerpt":{"rendered":"<p>El Juvenil A va guanyar 2-4 al CFU Can Rull R\u00f3mulo Tronchoni i es col\u00b7loca segona a tan sols un punt del liderat. Primera part amb domini de la Fundaci\u00f3 Esportiva Grama que va avisar en diverses ocasions per\u00f2 sense trobar el gol. Quan semblava que s&#8217;arribaria al descans 0-0 Lucas D\u00edaz va posar una [&hellip;]<\/p>\n","protected":false},"author":1,"featured_media":21570,"comment_status":"closed","ping_status":"closed","sticky":false,"template":"","format":"standard","meta":{"footnotes":""},"categories":[4,6],"tags":[],"class_list":["post-22102","post","type-post","status-publish","format-standard","has-post-thumbnail","hentry","category-base-inclusiu","category-juvenils"],"_links":{"self":[{"href":"http:\/\/fegrama.cat\/web\/wp-json\/wp\/v2\/posts\/22102","targetHints":{"allow":["GET"]}}],"collection":[{"href":"http:\/\/fegrama.cat\/web\/wp-json\/wp\/v2\/posts"}],"about":[{"href":"http:\/\/fegrama.cat\/web\/wp-json\/wp\/v2\/types\/post"}],"author":[{"embeddable":true,"href":"http:\/\/fegrama.cat\/web\/wp-json\/wp\/v2\/users\/1"}],"replies":[{"embeddable":true,"href":"http:\/\/fegrama.cat\/web\/wp-json\/wp\/v2\/comments?post=22102"}],"version-history":[{"count":1,"href":"http:\/\/fegrama.cat\/web\/wp-json\/wp\/v2\/posts\/22102\/revisions"}],"predecessor-version":[{"id":22103,"href":"http:\/\/fegrama.cat\/web\/wp-json\/wp\/v2\/posts\/22102\/revisions\/22103"}],"wp:featuredmedia":[{"embeddable":true,"href":"http:\/\/fegrama.cat\/web\/wp-json\/wp\/v2\/media\/21570"}],"wp:attachment":[{"href":"http:\/\/fegrama.cat\/web\/wp-json\/wp\/v2\/media?parent=22102"}],"wp:term":[{"taxonomy":"category","embeddable":true,"href":"http:\/\/fegrama.cat\/web\/wp-json\/wp\/v2\/categories?post=22102"},{"taxonomy":"post_tag","embeddable":true,"href":"http:\/\/fegrama.cat\/web\/wp-json\/wp\/v2\/tags?post=22102"}],"curies":[{"name":"wp","href":"https:\/\/api.w.org\/{rel}","templated":true}]}}