{"id":21183,"date":"2017-05-28T15:48:27","date_gmt":"2017-05-28T14:48:27","guid":{"rendered":"http:\/\/fegrama.cat\/web\/?p=21183"},"modified":"2017-06-13T19:02:56","modified_gmt":"2017-06-13T18:02:56","slug":"som-de-primera-catalana","status":"publish","type":"post","link":"http:\/\/fegrama.cat\/web\/som-de-primera-catalana\/","title":{"rendered":"Som de Primera Catalana!!"},"content":{"rendered":"<p><a href=\"http:\/\/fegrama.cat\/web\/wp-content\/uploads\/2017\/05\/foto-campion.jpg\"><img loading=\"lazy\" decoding=\"async\" class=\"aligncenter  wp-image-21185\" alt=\"foto campion\" src=\"http:\/\/fegrama.cat\/web\/wp-content\/uploads\/2017\/05\/foto-campion.jpg\" width=\"559\" height=\"357\" srcset=\"http:\/\/fegrama.cat\/web\/wp-content\/uploads\/2017\/05\/foto-campion.jpg 699w, http:\/\/fegrama.cat\/web\/wp-content\/uploads\/2017\/05\/foto-campion-300x191.jpg 300w\" sizes=\"auto, (max-width: 559px) 100vw, 559px\" \/><\/a><\/p>\n<p><strong>La Fundaci\u00f3 Esportiva Grama no va fallar i van sumar tres punts que els d\u00f3na el t\u00edtol de Campi\u00f3 del Grup 2 de Segona Catalana i l&#8217;Ascens a la Primera Catalana.<\/strong><\/p>\n<p>A Badalona els nois de Dani Andreu\u00a0van complir davant d&#8217;un combatiu CF Lloreda que ho va intentar per\u00f2 va acabar sucumbint 0-3 davant un equip que va treballar molt per complir l&#8217;objectiu marcat fa ja 10 mesos.<\/p>\n<p>Els blaus van sortir a no especular, conscients que si o si havien de guanyar per aconseguir l&#8217;ascens de categoria. Gran arrencada amb ocasions per Crist\u00f3bal i Charly abans d&#8217;arribar als primers cinc minuts de partit. Avisant des de l&#8217;inici i amb Lamin en banda molt actiu i perill\u00f3s, aix\u00ed va comen\u00e7ar la Grama.<\/p>\n<p>Van tenir que esperar al minut 24 per cantar el primer gol. Crist\u00f3bal va pentinar un c\u00f3rner i Charly va rematar a gol amb la col\u00b7laboraci\u00f3 d&#8217;un defensor local. Deu minuts despr\u00e9s va ser Roberto Morales amb un magistral llan\u00e7ament de falta qui encarrilava el xoc (0-2). Una bona primera meitat en qu\u00e8 la dada negativa va ser la lesi\u00f3 de Charly, substitu\u00eft per Aguilera al 42.<\/p>\n<p>Despr\u00e9s del pas per vestidors altra gran sortida a la gespa, Crist\u00f3bal va disposar de les primeres oportunitats de gol per\u00f2 sense sort de cara a porta. El Lloreda, que va veure com li anul\u00b7laven un gol per fora de joc i li perdonaven un clar penal sobre Lamin, va pr\u00e9mer durant un breu instant la porteria de Pau. Dues ocasions clares que el porter colomenc va tallar i una rematada de xilena que va impactar contra el travesser.<\/p>\n<p>Els locals estaven c\u00f2modes penjant pilotes a la recerca de retallar dist\u00e0ncies, i quan millor estaven va entrar en escena el &#8216;Ca\u00f1onero&#8217; de la Grama. Una jugada personal en banda de Mora acabaria en una assist\u00e8ncia a Lamin que en el segon pal va tancar el marcador (0-3, 82&#8242;). D&#8217;aqu\u00ed al xiulet final m\u00e9s domini absolut de la Fundaci\u00f3 i alguna oportunitat d&#8217;ampliar el resultat, com un xut lluny\u00e0 de De Sande que es va estavellar al travesser.<\/p>\n<p style=\"text-align: left;\">El xiulet final va donar el comen\u00e7ament de les celebracions, abra\u00e7ades, c\u00e0ntics de \u00abCAMPIONS\u00bb, fotos, etc. Merescut ascens i amb ell arribar\u00e0 un premi extra que \u00e9s la classificaci\u00f3 a la Copa Catalunya Amateur, per tercer any consecutiu.<\/p>\n<p style=\"text-align: center;\"><a href=\"http:\/\/fegrama.cat\/web\/wp-content\/uploads\/2017\/05\/11campions.jpg\"><img loading=\"lazy\" decoding=\"async\" class=\"aligncenter  wp-image-21184\" alt=\"11campions\" src=\"http:\/\/fegrama.cat\/web\/wp-content\/uploads\/2017\/05\/11campions.jpg\" width=\"560\" height=\"420\" srcset=\"http:\/\/fegrama.cat\/web\/wp-content\/uploads\/2017\/05\/11campions.jpg 800w, http:\/\/fegrama.cat\/web\/wp-content\/uploads\/2017\/05\/11campions-300x225.jpg 300w\" sizes=\"auto, (max-width: 560px) 100vw, 560px\" \/><\/a><\/p>\n<p><strong>La Fundaci\u00f3 Esportiva Grama no fall\u00f3 y sumaron tres puntos que les da el t\u00edtulo de Campe\u00f3n del Grupo 2 de Segunda Catalana y el Ascenso a la Primera Catalana.<\/strong><\/p>\n<p>En Badalona los chicos de Dani Andreu cumplieron ante un combativo CF Lloreda lo intent\u00f3 pero acab\u00f3 sucumbiendo 0-3 ante un equipo que trabaj\u00f3 mucho para cumplir el objetivo marcado hace ya 10 meses.<\/p>\n<p>Los azules salieron a no especular, conscientes de que s\u00ed o s\u00ed deb\u00edan ganar para conseguir el ascenso de categor\u00eda. Gran arranque con ocasiones para Crist\u00f3bal y Charly antes de llegar a los primeros cinco minutos de partido. Avisando desde el inicio y con Lamin en banda muy activo y peligroso, as\u00ed comenz\u00f3 la Grama.<\/p>\n<p>Tuvieron que esperar al minuto 24 para cantar el primer gol. Crist\u00f3bal pein\u00f3 un saque de esquina y Charly remat\u00f3 a gol con la colaboraci\u00f3n de un defensor local. Diez minutos despu\u00e9s fue Roberto Morales con un magistral lanzamiento de falta quien encarrilaba el choque (0-2). Una buena primera mitad en la que el dato negativo fue la lesi\u00f3n de Charly, sustituido por Aguilera en el 42.<\/p>\n<p>Tras el paso por vestuarios otra gran salida al c\u00e9sped, Crist\u00f3bal dispuso de las primeras oportunidades de gol pero sin suerte de cara a puerta. El Lloreda, que vio como le anulaban un gol por fuera de juego y le perdonaban un claro penalti sobre Lamin, apret\u00f3 durante un breve instante la porter\u00eda de Pau. Dos ocasiones claras que el guardameta colomense ataj\u00f3 y un remate de chilena que impact\u00f3 contra el larguero.<\/p>\n<p>Los locales que estaban c\u00f3modos colgando balones en busca de recortar distancias y cuando mejor estaban entr\u00f3 en escena el &#8216;Ca\u00f1onero&#8217; de la Grama. Una jugada personal en banda de Mora acabar\u00eda en una asistencia a Lamin que en el segundo palo cerr\u00f3 el marcador (0-3, 82&#8242;). De aqu\u00ed al pitido final m\u00e1s dominio absoluto de la Fundaci\u00f3 y alguna oportunidad de ampliar el resultado, como un tiro lejano de De Sande que se estrell\u00f3 en el larguero.<\/p>\n<p>El pitido final dio el comienzo de las celebraciones, abrazos, c\u00e1nticos de \u00abCAMPEONES\u00bb, fotos, etc. Merecido ascenso y con \u00e9l llegar\u00e1 un premio extra que es la clasificaci\u00f3n a la Copa Catalunya Amateur, por tercer a\u00f1o consecutivo.<\/p>\n","protected":false},"excerpt":{"rendered":"<p>La Fundaci\u00f3 Esportiva Grama no va fallar i van sumar tres punts que els d\u00f3na el t\u00edtol de Campi\u00f3 del Grup 2 de Segona Catalana i l&#8217;Ascens a la Primera Catalana. A Badalona els nois de Dani Andreu\u00a0van complir davant d&#8217;un combatiu CF Lloreda que ho va intentar per\u00f2 va acabar sucumbint 0-3 davant un [&hellip;]<\/p>\n","protected":false},"author":1,"featured_media":21185,"comment_status":"closed","ping_status":"closed","sticky":false,"template":"","format":"standard","meta":{"footnotes":""},"categories":[14],"tags":[24,66,1151,1107],"class_list":["post-21183","post","type-post","status-publish","format-standard","has-post-thumbnail","hentry","category-noticies","tag-fundacio-esportiva-grama","tag-lloreda","tag-primera-catalana","tag-segunda-catalana"],"_links":{"self":[{"href":"http:\/\/fegrama.cat\/web\/wp-json\/wp\/v2\/posts\/21183","targetHints":{"allow":["GET"]}}],"collection":[{"href":"http:\/\/fegrama.cat\/web\/wp-json\/wp\/v2\/posts"}],"about":[{"href":"http:\/\/fegrama.cat\/web\/wp-json\/wp\/v2\/types\/post"}],"author":[{"embeddable":true,"href":"http:\/\/fegrama.cat\/web\/wp-json\/wp\/v2\/users\/1"}],"replies":[{"embeddable":true,"href":"http:\/\/fegrama.cat\/web\/wp-json\/wp\/v2\/comments?post=21183"}],"version-history":[{"count":1,"href":"http:\/\/fegrama.cat\/web\/wp-json\/wp\/v2\/posts\/21183\/revisions"}],"predecessor-version":[{"id":21186,"href":"http:\/\/fegrama.cat\/web\/wp-json\/wp\/v2\/posts\/21183\/revisions\/21186"}],"wp:featuredmedia":[{"embeddable":true,"href":"http:\/\/fegrama.cat\/web\/wp-json\/wp\/v2\/media\/21185"}],"wp:attachment":[{"href":"http:\/\/fegrama.cat\/web\/wp-json\/wp\/v2\/media?parent=21183"}],"wp:term":[{"taxonomy":"category","embeddable":true,"href":"http:\/\/fegrama.cat\/web\/wp-json\/wp\/v2\/categories?post=21183"},{"taxonomy":"post_tag","embeddable":true,"href":"http:\/\/fegrama.cat\/web\/wp-json\/wp\/v2\/tags?post=21183"}],"curies":[{"name":"wp","href":"https:\/\/api.w.org\/{rel}","templated":true}]}}